{"id":999,"date":"2023-04-29T16:11:33","date_gmt":"2023-04-29T14:11:33","guid":{"rendered":"https:\/\/blog.bedycasa.com\/?p=999"},"modified":"2023-04-29T16:12:31","modified_gmt":"2023-04-29T14:12:31","slug":"interview-vincent-hebergeur-bedycasa","status":"publish","type":"post","link":"https:\/\/blog.bedycasa.com\/sp\/interview-vincent-hebergeur-bedycasa\/","title":{"rendered":"Interview &#8211; Vincent, h\u00e9bergeur Bedycasa"},"content":{"rendered":"<p>Nous avons envie de mettre en avant nos h\u00e9bergeurs, donc nous commen\u00e7ons une s\u00e9rie d&#8217;interview sous forme d&#8217;article que nous allons mettre ici pour vous partager la g\u00e9n\u00e8se, l&#8217;histoire et les aventures de nos BedyHost !<\/p>\n<p>On commence avec le Parcours de Vincent !<\/p>\n<p>&nbsp;<\/p>\n<h3><span class=\"notion-enable-hover\" data-token-index=\"0\"><img loading=\"lazy\" decoding=\"async\" class=\"alignnone size-medium wp-image-1000\" src=\"https:\/\/blog.bedycasa.com\/wp-content\/uploads\/2023\/04\/https___ae6d3d121e4d6abab7ec7e0daa7dd48c.cdn_.bubble.io_f1675966716988x668288718506410400_idvince-guide-300x300.jpg\" alt=\"\" width=\"300\" height=\"300\" srcset=\"https:\/\/blog.bedycasa.com\/wp-content\/uploads\/2023\/04\/https___ae6d3d121e4d6abab7ec7e0daa7dd48c.cdn_.bubble.io_f1675966716988x668288718506410400_idvince-guide-300x300.jpg 300w, https:\/\/blog.bedycasa.com\/wp-content\/uploads\/2023\/04\/https___ae6d3d121e4d6abab7ec7e0daa7dd48c.cdn_.bubble.io_f1675966716988x668288718506410400_idvince-guide-150x150.jpg 150w, https:\/\/blog.bedycasa.com\/wp-content\/uploads\/2023\/04\/https___ae6d3d121e4d6abab7ec7e0daa7dd48c.cdn_.bubble.io_f1675966716988x668288718506410400_idvince-guide.jpg 384w\" sizes=\"auto, (max-width: 300px) 100vw, 300px\" \/><\/span><\/h3>\n<p>&nbsp;<\/p>\n<h3><span class=\"notion-enable-hover\" data-token-index=\"0\">Qui \u00eates-vous ? Quelle est votre histoire et l\u2019histoire de votre logement\/vos logements ?<\/span><\/h3>\n<p>&nbsp;<\/p>\n<p>Je m\u2019appelle Vincent et j\u2019ai commenc\u00e9 la chambre d\u2019h\u00f4te, il y a 10 ans environ.<\/p>\n<p>Au d\u00e9but, j\u2019avais commenc\u00e9 en tant qu\u2019h\u00e9bergeur chez BedyCasa et par la suite AirBnb, mais leur mentalit\u00e9 ne m\u2019a pas vraiment plu, ce n\u2019\u00e9tait pas comme aux Etats-Unis ou au Canada quand j\u2019y ai v\u00e9cu. C\u2019est pourquoi je suis retourn\u00e9 chez BedyCasa o\u00f9 j\u2019ai pu retrouver ce sens-l\u00e0.<\/p>\n<p>Pour moi, en tant qu\u2019h\u00e9bergeur, ce qui est le plus important, c\u2019est la qualit\u00e9 de l\u2019accueil. J\u2019aime mettre en avant l\u2019\u00e9change humain, je propose donc aux voyageurs un accompagnement pour leur faire d\u00e9couvrir la r\u00e9gion, avec des balades, des conseils pour trouver o\u00f9 acheter du fromage\u2026 Cela a toujours \u00e9t\u00e9 naturel chez moi depuis toujours, donc j\u2019y prends du plaisir.<\/p>\n<p>J\u2019ai fait plusieurs formations comme l\u2019astronomie, la g\u00e9ologie, le yoga et guide de montage.<\/p>\n<p>J\u2019ai pu travailler dans le monde entier en tant que guide de montage aux Etats-Unis, au Canada, au Maroc.<\/p>\n<p>Aujourd\u2019hui, j\u2019ai d\u00e9cid\u00e9 de reprendre cette activit\u00e9 et de mettre en avant l\u2019environnement naturel o\u00f9 j\u2019habite, pour faire conna\u00eetre le Haut-Lieu de la r\u00e9sistance, mais aussi de faire des randonn\u00e9es sur la g\u00e9ologie et de l\u2019escalade en tant que guide.<\/p>\n<p>Dans le Vercors, les paysages, la faune et la flore sont magnifiques, c\u2019est pourquoi je veux aller plus loin avec les voyageurs et leur faire d\u00e9couvrir et partager, pour leur faire vivre un moment inoubliable.<\/p>\n<p>J\u2019ai aussi travaill\u00e9 longtemps dans le tourisme, ce qui est plut\u00f4t utile, mais aussi en tant que directeur de station de ski.\u00a0J\u2019ai m\u00eame cr\u00e9\u00e9 des sites, des plateformes, ce qui est un v\u00e9ritable avantage pour moi.\u00a0Je suis assez polyvalent, pour vous dire, j\u2019ai m\u00eame r\u00e9alis\u00e9 des petits films qui sortaient\u00a0dans\u00a0les cin\u00e9mas locaux, par exemple :\u00a0<em>comment est-ce que les gens vivent dans le territoire ?<\/em><\/p>\n<p>&nbsp;<\/p>\n<h3><span class=\"notion-enable-hover\" data-token-index=\"0\">Pourquoi avez-vous eu envie de passer par Bedycasa pour proposer votre h\u00e9bergement ?<\/span><\/h3>\n<p>&nbsp;<\/p>\n<p>Pour moi, BedyCasa est historique, il \u00e9tait le premier sur le march\u00e9 avant Airbnb et \u00e0 la campagne, ce n\u2019\u00e9tait pas trop d\u00e9mocratis\u00e9 et c\u2019est \u00e0 ce moment-l\u00e0. Et au vu de mon activit\u00e9, \u00e7a me paraissait logique d\u2019\u00eatre sur BedyCasa.<\/p>\n<p>Pour revenir, sur mon exp\u00e9rience avec AirBnb, \u00e7a s\u2019est tr\u00e8s mal pass\u00e9, car j\u2019\u00e9tais \u00e0 part dans ce qu\u2019ils proposaient aux voyageurs. Je pense aujourd\u2019hui, que les gens sont plus m\u00fbrs pour d\u2019autres types de vacances que l&#8217;h\u00f4tellerie. Avec AirBnb, il n\u2019y avait pas cette valeur humaine, alors que maintenant, \u00e7a se d\u00e9mocratise de plus en plus.<\/p>\n<p>Dans l\u2019Organisation Mondiale du Tourisme, la mission principale, c\u2019est le d\u00e9veloppement durable, c\u2019est avec logique que je suis cette d\u00e9marche.<\/p>\n<p>Je veux vraiment \u00eatre dans une d\u00e9marche tr\u00e8s militante et je veux travailler avec des acteurs qui partagent cette d\u00e9marche.\u00a0C\u2019est pourquoi je recrute des clients qui sont en ad\u00e9quation avec mes id\u00e9es.<\/p>\n<p>Pour moi,\u00a0BedyCasa, c\u2019est \u00e0 la fois historique, et c\u2019est encore mieux, car l\u2019entreprise est dans l\u2019\u00e9tat d\u2019esprit que je veux partager.<\/p>\n<h3><\/h3>\n<h3><span class=\"notion-enable-hover\" data-token-index=\"0\">Parlez-nous un peu plus de votre H\u00e9bergement\/vos h\u00e9bergements, que propose-t-il d\u2019\u00e9co-responsable ?<\/span><\/h3>\n<p>&nbsp;<\/p>\n<p>Les H\u00e9bergements que je propose sont chauff\u00e9s au bois, ce qui fait qu\u2019ils ne consomment quasiment pas d\u2019\u00e9lectricit\u00e9 \u00e0 l\u2019ann\u00e9e.<\/p>\n<p>Sur la partie durable, je fais le tri des d\u00e9chets. Pour moi, trier ses d\u00e9chets me parait logique, mais tr\u00e8s peu de gens trient leurs d\u00e9chets aujourd\u2019hui, j\u2019ai aussi install\u00e9 des panneaux pour trier dans les h\u00e9bergements.<\/p>\n<p>Pour les produits m\u00e9nagers, je les fabrique par mes soins, avec une basse de vinaigre, et pour la nourriture, j\u2019ach\u00e8te seulement du local, du bio et en vrac.\u00a0Pour le local, j\u2019ach\u00e8te\u00a0seulement quand c\u2019est possible avec les produits du terroir.<\/p>\n<p>Je ne fais pas table d\u2019h\u00f4te malheureusement, mais les voyageurs peuvent se faire \u00e0 manger, la cuisine est \u00e0 disposition.<\/p>\n<p>J\u2019ai d\u00e9cid\u00e9 d\u2019installer une petite marre p\u00e9dagogique et un jardin en permaculture, ce qui permet aux voyageurs de d\u00e9couvrir et de leur expliquer comment c\u2019est g\u00e9r\u00e9 et donner des astuces.<\/p>\n<p>&nbsp;<\/p>\n<h3><span class=\"notion-enable-hover\" data-token-index=\"0\">Qu\u2019avez-vous envie de partager avec les voyageurs\/BedyTravelers ?<\/span><\/h3>\n<p>&nbsp;<\/p>\n<p>Ce que j\u2019ai envie de partager avec les voyageurs, c\u2019est la convivialit\u00e9, le partage, les repas parfois, les activit\u00e9s que je propose. Surtout en \u00e9t\u00e9, avec les 5 000 m2 de terrain et les terrasses, on passe de bons moments.<\/p>\n<p>On est proche de la ville, mais \u00e0 la fois isol\u00e9, ce qui fait qu\u2019il n\u2019y a pas de voiture et les enfants peuvent jouer en s\u00e9curit\u00e9 !<\/p>\n<p>J&#8217;accueille aussi les voyageurs en covoiturage, donc je vais les chercher. Je fais en sorte que les vacances soient sans voiture au possible, c\u2019est pourquoi je propose des pr\u00eats de v\u00e9los pour remplacer la voiture !<\/p>\n<p>&nbsp;<\/p>\n<h3><span class=\"notion-enable-hover\" data-token-index=\"0\">Nous imaginons que vous partagez les valeurs de Bedycasa, mais pour vous, qu\u2019est ce qui est le plus important lorsqu\u2019on fait de la location longue\/courte dur\u00e9e chez Bedycasa ?<\/span><\/h3>\n<p>&nbsp;<\/p>\n<p>L\u00e0 o\u00f9 je rejoins BedyCasa c\u2019est vraiment le partage !<\/p>\n<p>Quand on vient chez moi on ne vient pas dans un h\u00f4tel !<\/p>\n<p>J\u2019incite les gens \u00e0 d\u00e9couvrir l\u2019environnement ! Le partage c\u2019est le nerf de la guerre, \u00e7a fait partie de l\u2019\u00e9ducation !<\/p>\n<p>En partageant, on fait aussi du bien \u00e0 l\u2019environnement.<\/p>\n<p>On ne fauche plus et tond plus les pelouses, c\u2019est compl\u00e8tement contradictoire avec l\u2019\u00e9cologie et la biodiversit\u00e9, et donc dans les hautes herbes il peut y avoir des insectes, des papillons. Et avant il avait aussi des ruches\u2026 On peut observer la nature reprendre ses droits !<\/p>\n<p>&nbsp;<\/p>\n<h3><span class=\"notion-enable-hover\" data-token-index=\"0\">Avez-vous une histoire \u00e0 nous raconter avec un voyageur qui vous a marqu\u00e9 ?<\/span><\/h3>\n<p>&nbsp;<\/p>\n<p>J\u2019ai deux petites anecdotes.<\/p>\n<p>Ma fille \u00e2g\u00e9e de 15 ans faisait des remontrances aux gens qui ne voulaient pas faire de tri, elle disait \u00ab Moi, j\u2019ai 15 ans, si vous ne faites pas le tri, pensez \u00e0 ce que vous allez me laisser plus tard&#8230; \u00bb<\/p>\n<p>Et une autre, il y a 10 ans environ : Un Am\u00e9ricain aussi me dit \u201cmais tu crois que je peux aller en montagne\u201d<\/p>\n<p>Il n\u2019avait pas une super condition physique.<\/p>\n<p>Et je lui dis que oui, il peut, alors nous sommes all\u00e9s nous balader.<\/p>\n<p>Et quand nous sommes revenus, il a \u00e9t\u00e9 compl\u00e8tement scotch\u00e9 par le fait qu\u2019il puisse marcher, se mouvoir, \u00eatre au contact de la nature et \u00e7a fait plaisir !<\/p>\n<p>Des gens qui sont revenus pleins de fois aussi :<\/p>\n<p>Un jeune avec sa maman, il ne savait plus trop ce qu&#8217;il voulait pour ses \u00e9tudes, et je l\u2019ai amen\u00e9 dans les montagnes, \u00e7a lui a ouvert l&#8217;esprit. Au retour, il s\u2019est motiv\u00e9 et a repris ses \u00e9tudes et il est devenu photographe animalier\u2026<\/p>\n<h3><\/h3>\n<h3><span class=\"notion-enable-hover\" data-token-index=\"0\">Vos voyageurs arrivent-ils majoritairement en train, voiture ou avion ou autre<\/span> ?<\/h3>\n<p>&nbsp;<\/p>\n<p>Alors g\u00e9n\u00e9ralement, je fais beaucoup de covoiturages avec les voyageurs, je vais donc les chercher et je fais en sorte que les vacances soient sans voiture le plus possible. Et, \u00e0 la place pour pouvoir se d\u00e9placer, je leur propose des v\u00e9los.<\/p>\n<p>Mais la plupart du temps, ils viennent plut\u00f4t en voiture et \u00e0 peu pr\u00e8s 10 % en trains ou en bus.<\/p>\n<h3><\/h3>\n<h3><span class=\"notion-enable-hover\" data-token-index=\"0\">Comment voyez-vous le tourisme d\u2019ici 5 ans ?<\/span><\/h3>\n<p>&nbsp;<\/p>\n<p>Pour moi, j\u2019aimerais que les gens osent prendre des vacances en faisant des choses simples mais riches !<\/p>\n<p>Ce n\u2019est pas si grave s\u2019il n\u2019y a pas la piscine ou le super jet ski, mais pendant leur s\u00e9jour, ils ont d\u00e9couvert que le voisin tient encore une ferme par exemple, c\u2019est bien plus important qu&#8217;une piscine !<\/p>\n<p>Si un tourisme vraiment humain peut s\u2019\u00e9tablir, o\u00f9 les gens se rencontrent, partager et d\u00e9couvrir des nouvelles choses, plut\u00f4t que d\u2019avoir fait un exploit !<\/p>\n<h3><\/h3>\n<h3><span class=\"notion-enable-hover\" data-token-index=\"0\">Si on vous dit \u201cBedycasa\u201d vous pensez \u00e0 quoi en premier ? (valeur, action, histoire, personne\u2026)<\/span><\/h3>\n<p>&nbsp;<\/p>\n<p>France &#8211; Super id\u00e9e &#8211; Remarquable<\/p>\n<p>Ce qui est remarquable et ce que les m\u00e9dias devraient voir :\u00a0c\u2019est juste l\u00e0 \u00e0 c\u00f4t\u00e9 de chez nous, des gens l\u2019ont mis en place !<\/p>\n<p>Pourquoi aller voir aussi loin, alors qu\u2019il y a de superbes id\u00e9es \u00e0 c\u00f4t\u00e9 de chez nous et qui ont de la valeur ?<\/p>\n<p>Il y a 15 ans, ce n\u2019\u00e9tait pas courant d\u2019aller chez des gens par une plateforme et BedyCasa a \u00e9t\u00e9 pr\u00e9curseur dans ce domaine.<\/p>\n<h3><\/h3>\n<h3><span class=\"notion-enable-hover\" data-token-index=\"0\">Un mot de la fin ?<\/span><\/h3>\n<p>&nbsp;<\/p>\n<p>Je dirai qu\u2019il faut accompagner BedyCasa, il faut vous soutenir, c\u2019est louable, sympa, \u00e0 remarquer et c\u2019est fait dans un esprit qui responsable. A ma petite \u00e9chelle je me suis mis dans le slack, je mets des commentaires !<\/p>\n<p>Pour moi, je trouve \u00e7a super que Magali a eu le courage de relancer BedyCasa<\/p>\n<p>Il faut partager les valeurs humaines et c\u2019est ce que fait BedyCasa contrairement \u00e0 Airbnb\u00a0!<\/p>\n<p>Demain n\u2019importe qui peut venir dire \u00ab\u00a0Je suis une plateforme durable\u00a0\u00bb mais ce qui est diff\u00e9rent des autres ce sont les \u00e9changes humains que permet la communaut\u00e9 BedyCasa et c\u2019est plut\u00f4t cool\u00a0! Et je pense qu\u2019il faut aller au-del\u00e0 de cette notion de partager et voir encore plus loin<\/p>\n<p>La communaut\u00e9 c\u2019est le pilier !<\/p>\n<p>&nbsp;<\/p>\n<p><img loading=\"lazy\" decoding=\"async\" class=\"alignnone size-medium wp-image-1001\" src=\"https:\/\/blog.bedycasa.com\/wp-content\/uploads\/2023\/04\/https___ae6d3d121e4d6abab7ec7e0daa7dd48c.cdn_.bubble-300x225.jpeg\" alt=\"\" width=\"300\" height=\"225\" \/>\u00a0 \u00a0<img loading=\"lazy\" decoding=\"async\" class=\"alignnone size-medium wp-image-1002\" src=\"https:\/\/blog.bedycasa.com\/wp-content\/uploads\/2023\/04\/https___ae6d3d121e4d6abab7ec7e0daa7dd48c.cdn_.bubble.io_f1637319849974x837162946196059500_IMG_20200516_202601-225x300.jpg\" alt=\"\" width=\"225\" height=\"300\" \/><\/p>\n<p>&nbsp;<\/p>\n<p><strong>Retrouvez les h\u00e9bergements de Vincent sur Bedycasa :<\/strong><\/p>\n<a href='https:\/\/www.bedycasa.com\/accommodation\/chambre-abricot-chalet-nature--1646345807578x264273901114909800' class='small-button smallblue' target=\"_blank\">Chambre Abricot chalet nature<\/a>\n<a href='https:\/\/www.bedycasa.com\/accommodation\/chambre-bleue-chalet-nature-vercors-lans-en-vercors-auvergne-rh%C3%B4ne-alpes-1625302790819x324050754112181300' class='small-button smallblue' target=\"_blank\">Chambre Bleue chalet nature<\/a>\n<a href='https:\/\/www.bedycasa.com\/accommodation\/chambre-rose-nature-vercors-lans-en-vercors-auvergne-rh%C3%B4ne-alpes-france-1646325371900x350326498712669300' class='small-button smallblue' target=\"_blank\">Chambre Rose nature Vercors<\/a>\n<a href='https:\/\/www.bedycasa.com\/accommodation\/chalet-nature-vercors-chambre-p%C3%AAche-lans-en-vercors-auvergne-rh%C3%B4ne-alpes-1634556253669x384911478073589760' class='small-button smallblue' target=\"_blank\">Chalet Nature Vercors chambre P\u00eache<\/a>\n","protected":false},"excerpt":{"rendered":"<p>Nous avons envie de mettre en avant nos h\u00e9bergeurs, donc nous commen\u00e7ons une s\u00e9rie d&#8217;interview sous forme d&#8217;article que nous allons mettre ici pour vous partager la g\u00e9n\u00e8se, l&#8217;histoire et les aventures de nos BedyHost ! On commence avec le Parcours de Vincent ! &nbsp; &nbsp; Qui \u00eates-vous ? Quelle est votre histoire et l\u2019histoire [&hellip;]<\/p>\n","protected":false},"author":6,"featured_media":0,"comment_status":"open","ping_status":"open","sticky":false,"template":"","format":"standard","meta":{"_et_pb_use_builder":"","_et_pb_old_content":"","_et_gb_content_width":"","footnotes":""},"categories":[2,36],"tags":[],"class_list":["post-999","post","type-post","status-publish","format-standard","hentry","category-blog","category-blog-blog"],"translation":{"provider":"WPGlobus","version":"3.0.2","language":"sp","enabled_languages":["fr","en","sp","it"],"languages":{"fr":{"title":true,"content":true,"excerpt":false},"en":{"title":false,"content":false,"excerpt":false},"sp":{"title":false,"content":false,"excerpt":false},"it":{"title":false,"content":false,"excerpt":false}}},"yoast_head":"<!-- This site is optimized with the Yoast SEO plugin v24.7 - https:\/\/yoast.com\/wordpress\/plugins\/seo\/ -->\n<title>Interview - Vincent, h\u00e9bergeur Bedycasa - Blog bedycasa<\/title>\n<meta name=\"robots\" content=\"index, follow, max-snippet:-1, max-image-preview:large, max-video-preview:-1\" \/>\n<link rel=\"canonical\" href=\"https:\/\/blog.bedycasa.com\/interview-vincent-hebergeur-bedycasa\/\" \/>\n<meta property=\"og:locale\" content=\"en_US\" \/>\n<meta property=\"og:type\" content=\"article\" \/>\n<meta property=\"og:title\" content=\"Interview - Vincent, h\u00e9bergeur Bedycasa - Blog bedycasa\" \/>\n<meta property=\"og:url\" content=\"https:\/\/blog.bedycasa.com\/interview-vincent-hebergeur-bedycasa\/\" \/>\n<meta property=\"og:site_name\" content=\"Blog bedycasa\" \/>\n<meta property=\"article:published_time\" content=\"2023-04-29T14:11:33+00:00\" \/>\n<meta property=\"article:modified_time\" content=\"2023-04-29T14:12:31+00:00\" \/>\n<meta property=\"og:image\" content=\"https:\/\/blog.bedycasa.com\/wp-content\/uploads\/2023\/04\/https___ae6d3d121e4d6abab7ec7e0daa7dd48c.cdn_.bubble.io_f1675966716988x668288718506410400_idvince-guide.jpg\" \/>\n\t<meta property=\"og:image:width\" content=\"384\" \/>\n\t<meta property=\"og:image:height\" content=\"384\" \/>\n\t<meta property=\"og:image:type\" content=\"image\/jpeg\" \/>\n<meta name=\"author\" content=\"Alexane renaut\" \/>\n<meta name=\"twitter:card\" content=\"summary_large_image\" \/>\n<meta name=\"twitter:label1\" content=\"Written by\" \/>\n\t<meta name=\"twitter:data1\" content=\"Alexane renaut\" \/>\n\t<meta name=\"twitter:label2\" content=\"Est. reading time\" \/>\n\t<meta name=\"twitter:data2\" content=\"9 minutes\" \/>\n<script type=\"application\/ld+json\" class=\"yoast-schema-graph\">{\"@context\":\"https:\/\/schema.org\",\"@graph\":[{\"@type\":\"WebPage\",\"@id\":\"https:\/\/blog.bedycasa.com\/interview-vincent-hebergeur-bedycasa\/\",\"url\":\"https:\/\/blog.bedycasa.com\/interview-vincent-hebergeur-bedycasa\/\",\"name\":\"Interview - Vincent, h\u00e9bergeur Bedycasa - Blog bedycasa\",\"isPartOf\":{\"@id\":\"https:\/\/blog.bedycasa.com\/en\/#website\"},\"primaryImageOfPage\":{\"@id\":\"https:\/\/blog.bedycasa.com\/interview-vincent-hebergeur-bedycasa\/#primaryimage\"},\"image\":{\"@id\":\"https:\/\/blog.bedycasa.com\/interview-vincent-hebergeur-bedycasa\/#primaryimage\"},\"thumbnailUrl\":\"https:\/\/blog.bedycasa.com\/wp-content\/uploads\/2023\/04\/https___ae6d3d121e4d6abab7ec7e0daa7dd48c.cdn_.bubble.io_f1675966716988x668288718506410400_idvince-guide-300x300.jpg\",\"datePublished\":\"2023-04-29T14:11:33+00:00\",\"dateModified\":\"2023-04-29T14:12:31+00:00\",\"author\":{\"@id\":\"https:\/\/blog.bedycasa.com\/en\/#\/schema\/person\/b407f501bc4bf4425d514fdf662750f8\"},\"breadcrumb\":{\"@id\":\"https:\/\/blog.bedycasa.com\/interview-vincent-hebergeur-bedycasa\/#breadcrumb\"},\"inLanguage\":\"en-ES\",\"potentialAction\":[{\"@type\":\"ReadAction\",\"target\":[\"https:\/\/blog.bedycasa.com\/interview-vincent-hebergeur-bedycasa\/\"]}]},{\"@type\":\"ImageObject\",\"inLanguage\":\"en-ES\",\"@id\":\"https:\/\/blog.bedycasa.com\/interview-vincent-hebergeur-bedycasa\/#primaryimage\",\"url\":\"https:\/\/blog.bedycasa.com\/wp-content\/uploads\/2023\/04\/https___ae6d3d121e4d6abab7ec7e0daa7dd48c.cdn_.bubble.io_f1675966716988x668288718506410400_idvince-guide-300x300.jpg\",\"contentUrl\":\"https:\/\/blog.bedycasa.com\/wp-content\/uploads\/2023\/04\/https___ae6d3d121e4d6abab7ec7e0daa7dd48c.cdn_.bubble.io_f1675966716988x668288718506410400_idvince-guide-300x300.jpg\"},{\"@type\":\"BreadcrumbList\",\"@id\":\"https:\/\/blog.bedycasa.com\/interview-vincent-hebergeur-bedycasa\/#breadcrumb\",\"itemListElement\":[{\"@type\":\"ListItem\",\"position\":1,\"name\":\"Accueil\",\"item\":\"https:\/\/blog.bedycasa.com\/\"},{\"@type\":\"ListItem\",\"position\":2,\"name\":\"Interview &#8211; Vincent, h\u00e9bergeur Bedycasa\"}]},{\"@type\":\"WebSite\",\"@id\":\"https:\/\/blog.bedycasa.com\/en\/#website\",\"url\":\"https:\/\/blog.bedycasa.com\/en\/\",\"name\":\"Blog bedycasa\",\"description\":\"Blog bedycasa\",\"potentialAction\":[{\"@type\":\"SearchAction\",\"target\":{\"@type\":\"EntryPoint\",\"urlTemplate\":\"https:\/\/blog.bedycasa.com\/en\/?s={search_term_string}\"},\"query-input\":{\"@type\":\"PropertyValueSpecification\",\"valueRequired\":true,\"valueName\":\"search_term_string\"}}],\"inLanguage\":\"en-ES\"},{\"@type\":\"Person\",\"@id\":\"https:\/\/blog.bedycasa.com\/en\/#\/schema\/person\/b407f501bc4bf4425d514fdf662750f8\",\"name\":\"Alexane renaut\",\"image\":{\"@type\":\"ImageObject\",\"inLanguage\":\"en-ES\",\"@id\":\"https:\/\/blog.bedycasa.com\/en\/#\/schema\/person\/image\/\",\"url\":\"https:\/\/secure.gravatar.com\/avatar\/b79762b5420a478dcd5ac4c6659e208c1ab4580027af3f344ad20faae2620d31?s=96&d=mm&r=g\",\"contentUrl\":\"https:\/\/secure.gravatar.com\/avatar\/b79762b5420a478dcd5ac4c6659e208c1ab4580027af3f344ad20faae2620d31?s=96&d=mm&r=g\",\"caption\":\"Alexane renaut\"},\"url\":\"https:\/\/blog.bedycasa.com\/sp\/author\/alexaner\/\"}]}<\/script>\n<!-- \/ Yoast SEO plugin. -->","yoast_head_json":{"title":"Interview - Vincent, h\u00e9bergeur Bedycasa - Blog bedycasa","robots":{"index":"index","follow":"follow","max-snippet":"max-snippet:-1","max-image-preview":"max-image-preview:large","max-video-preview":"max-video-preview:-1"},"canonical":"https:\/\/blog.bedycasa.com\/interview-vincent-hebergeur-bedycasa\/","og_locale":"en_US","og_type":"article","og_title":"Interview - Vincent, h\u00e9bergeur Bedycasa - Blog bedycasa","og_url":"https:\/\/blog.bedycasa.com\/interview-vincent-hebergeur-bedycasa\/","og_site_name":"Blog bedycasa","article_published_time":"2023-04-29T14:11:33+00:00","article_modified_time":"2023-04-29T14:12:31+00:00","og_image":[{"width":384,"height":384,"url":"https:\/\/blog.bedycasa.com\/wp-content\/uploads\/2023\/04\/https___ae6d3d121e4d6abab7ec7e0daa7dd48c.cdn_.bubble.io_f1675966716988x668288718506410400_idvince-guide.jpg","type":"image\/jpeg"}],"author":"Alexane renaut","twitter_card":"summary_large_image","twitter_misc":{"Written by":"Alexane renaut","Est. reading time":"9 minutes"},"schema":{"@context":"https:\/\/schema.org","@graph":[{"@type":"WebPage","@id":"https:\/\/blog.bedycasa.com\/interview-vincent-hebergeur-bedycasa\/","url":"https:\/\/blog.bedycasa.com\/interview-vincent-hebergeur-bedycasa\/","name":"Interview - Vincent, h\u00e9bergeur Bedycasa - Blog bedycasa","isPartOf":{"@id":"https:\/\/blog.bedycasa.com\/en\/#website"},"primaryImageOfPage":{"@id":"https:\/\/blog.bedycasa.com\/interview-vincent-hebergeur-bedycasa\/#primaryimage"},"image":{"@id":"https:\/\/blog.bedycasa.com\/interview-vincent-hebergeur-bedycasa\/#primaryimage"},"thumbnailUrl":"https:\/\/blog.bedycasa.com\/wp-content\/uploads\/2023\/04\/https___ae6d3d121e4d6abab7ec7e0daa7dd48c.cdn_.bubble.io_f1675966716988x668288718506410400_idvince-guide-300x300.jpg","datePublished":"2023-04-29T14:11:33+00:00","dateModified":"2023-04-29T14:12:31+00:00","author":{"@id":"https:\/\/blog.bedycasa.com\/en\/#\/schema\/person\/b407f501bc4bf4425d514fdf662750f8"},"breadcrumb":{"@id":"https:\/\/blog.bedycasa.com\/interview-vincent-hebergeur-bedycasa\/#breadcrumb"},"inLanguage":"en-ES","potentialAction":[{"@type":"ReadAction","target":["https:\/\/blog.bedycasa.com\/interview-vincent-hebergeur-bedycasa\/"]}]},{"@type":"ImageObject","inLanguage":"en-ES","@id":"https:\/\/blog.bedycasa.com\/interview-vincent-hebergeur-bedycasa\/#primaryimage","url":"https:\/\/blog.bedycasa.com\/wp-content\/uploads\/2023\/04\/https___ae6d3d121e4d6abab7ec7e0daa7dd48c.cdn_.bubble.io_f1675966716988x668288718506410400_idvince-guide-300x300.jpg","contentUrl":"https:\/\/blog.bedycasa.com\/wp-content\/uploads\/2023\/04\/https___ae6d3d121e4d6abab7ec7e0daa7dd48c.cdn_.bubble.io_f1675966716988x668288718506410400_idvince-guide-300x300.jpg"},{"@type":"BreadcrumbList","@id":"https:\/\/blog.bedycasa.com\/interview-vincent-hebergeur-bedycasa\/#breadcrumb","itemListElement":[{"@type":"ListItem","position":1,"name":"Accueil","item":"https:\/\/blog.bedycasa.com\/"},{"@type":"ListItem","position":2,"name":"Interview &#8211; Vincent, h\u00e9bergeur Bedycasa"}]},{"@type":"WebSite","@id":"https:\/\/blog.bedycasa.com\/en\/#website","url":"https:\/\/blog.bedycasa.com\/en\/","name":"Blog bedycasa","description":"Blog bedycasa","potentialAction":[{"@type":"SearchAction","target":{"@type":"EntryPoint","urlTemplate":"https:\/\/blog.bedycasa.com\/en\/?s={search_term_string}"},"query-input":{"@type":"PropertyValueSpecification","valueRequired":true,"valueName":"search_term_string"}}],"inLanguage":"en-ES"},{"@type":"Person","@id":"https:\/\/blog.bedycasa.com\/en\/#\/schema\/person\/b407f501bc4bf4425d514fdf662750f8","name":"Alexane renaut","image":{"@type":"ImageObject","inLanguage":"en-ES","@id":"https:\/\/blog.bedycasa.com\/en\/#\/schema\/person\/image\/","url":"https:\/\/secure.gravatar.com\/avatar\/b79762b5420a478dcd5ac4c6659e208c1ab4580027af3f344ad20faae2620d31?s=96&d=mm&r=g","contentUrl":"https:\/\/secure.gravatar.com\/avatar\/b79762b5420a478dcd5ac4c6659e208c1ab4580027af3f344ad20faae2620d31?s=96&d=mm&r=g","caption":"Alexane renaut"},"url":"https:\/\/blog.bedycasa.com\/sp\/author\/alexaner\/"}]}},"_links":{"self":[{"href":"https:\/\/blog.bedycasa.com\/sp\/wp-json\/wp\/v2\/posts\/999","targetHints":{"allow":["GET"]}}],"collection":[{"href":"https:\/\/blog.bedycasa.com\/sp\/wp-json\/wp\/v2\/posts"}],"about":[{"href":"https:\/\/blog.bedycasa.com\/sp\/wp-json\/wp\/v2\/types\/post"}],"author":[{"embeddable":true,"href":"https:\/\/blog.bedycasa.com\/sp\/wp-json\/wp\/v2\/users\/6"}],"replies":[{"embeddable":true,"href":"https:\/\/blog.bedycasa.com\/sp\/wp-json\/wp\/v2\/comments?post=999"}],"version-history":[{"count":3,"href":"https:\/\/blog.bedycasa.com\/sp\/wp-json\/wp\/v2\/posts\/999\/revisions"}],"predecessor-version":[{"id":1004,"href":"https:\/\/blog.bedycasa.com\/sp\/wp-json\/wp\/v2\/posts\/999\/revisions\/1004"}],"wp:attachment":[{"href":"https:\/\/blog.bedycasa.com\/sp\/wp-json\/wp\/v2\/media?parent=999"}],"wp:term":[{"taxonomy":"category","embeddable":true,"href":"https:\/\/blog.bedycasa.com\/sp\/wp-json\/wp\/v2\/categories?post=999"},{"taxonomy":"post_tag","embeddable":true,"href":"https:\/\/blog.bedycasa.com\/sp\/wp-json\/wp\/v2\/tags?post=999"}],"curies":[{"name":"wp","href":"https:\/\/api.w.org\/{rel}","templated":true}]}}