{"id":1007,"date":"2023-05-13T00:31:05","date_gmt":"2023-05-12T22:31:05","guid":{"rendered":"https:\/\/blog.bedycasa.com\/?p=1007"},"modified":"2023-07-01T01:04:20","modified_gmt":"2023-06-30T23:04:20","slug":"interview-boris-aubligine-etika-mondo","status":"publish","type":"post","link":"https:\/\/blog.bedycasa.com\/sp\/interview-boris-aubligine-etika-mondo\/","title":{"rendered":"Interview Boris Aubligine, Etika Mondo"},"content":{"rendered":"<p>Nous avons envie de mettre en avant nos h\u00e9bergeurs, donc nous commen\u00e7ons une s\u00e9rie d\u2019interview sous forme d\u2019article que nous allons mettre ici pour vous partager la g\u00e9n\u00e8se, l\u2019histoire et les aventures de nos BedyHost ! Notre 2\u00e8me interview sera avec Boris Aubligine, d&#8217;Etika Mondo !<\/p>\n<p><img loading=\"lazy\" decoding=\"async\" class=\"size-medium wp-image-1008 aligncenter\" src=\"https:\/\/blog.bedycasa.com\/wp-content\/uploads\/2023\/05\/Boris-300x300.png\" alt=\"\" width=\"300\" height=\"300\" \/><\/p>\n<h3><\/h3>\n<h3><strong>Qui \u00eates-vous ?\u00a0Quelle\u00a0est\u00a0votre histoire et l\u2019histoire de votre\u00a0logement\/vos\u00a0logements ?<\/strong><\/h3>\n<p>Je m\u2019appelle Boris, fondateur d&#8217;Etika\u00a0Mondo, papa de 5 enfants et cela fait 15 ans que je suis avec ma compagne Emilie.\u00a0Je suis un passionn\u00e9 d\u2019\u00e9cologie et de civilisation et c\u2019est pourquoi j\u2019ai d\u00e9cid\u00e9 de mettre ma vie \u00e0 contribution de l\u2019\u00e9cologie et la science de l\u2019environnement.<\/p>\n<p>Aujourd\u2019hui, on est dans un enjeu temporel o\u00f9 tout se bouscule et o\u00f9 on est pris par le temps, c\u2019est pourquoi j\u2019ai d\u00e9cid\u00e9 de participer \u00e0 ce changement \u00e9cologique il y a 10 ans en cr\u00e9ant les\u00a0Eco-lieux.\u00a0Ces\u00a0Eco-lieux\u00a0permettent de cr\u00e9er des interrelations entre les \u00eatres vivants et la nature.<\/p>\n<p>C\u2019est une exp\u00e9rience assez folle mais essentielle, on doit revivre exclusivement de la nature et se passer du commerce et c\u2019est n\u00e9cessaire \u00e9tant donn\u00e9 la crise \u00e9cologique qu\u2019on traverse.\u00a0Il faut aussi que les gens comprennent que ce n\u2019est pas un retour en arri\u00e8re, mais une projection d\u2019avant, on revient \u00e0 la nature tout en gardant nos progr\u00e8s scientifiques.<\/p>\n<p>Certains animaux, comme la baleine, l\u2019ont d\u00e9j\u00e0 fait, alors pourquoi pas nous ?<\/p>\n<p>Nos h\u00e9bergements sont exclusifs \u00e0 nos stages qui durent 5 jours et ils permettent d\u2019aider ce changement de civilisation, c\u2019est-\u00e0-dire de rechercher comment revenir \u00e0 la nature, se former et participer \u00e0 la formation elle-m\u00eame, au partage, \u00e0 l\u2019\u00e9ducation \u00e0 l\u2019environnement !<\/p>\n<p>Ces stages ont lieu durant la belle saison, avec diff\u00e9rentes activit\u00e9s comme :<\/p>\n<ul>\n<li>Partir \u00e0 la d\u00e9couverte de la nature avec des randonn\u00e9es,<\/li>\n<li>Appliquer l\u2019\u00e9cologie dans son quotidien,<\/li>\n<li>Restaurer des b\u00e2timents avec une d\u00e9marche \u00e9cologique,<\/li>\n<li>Comment utiliser le bois de mani\u00e8re \u00e9cologique<\/li>\n<li>Comment on aborde la question des d\u00e9chets, de l\u2019\u00e9nergie\u2026<\/li>\n<\/ul>\n<p>De plus, on se trouve dans la R\u00e9serve Nationale des Ciels Etoil\u00e9s dans les <strong>C<em>\u00e9vennes<\/em><\/strong> , ce qui fait qu&#8217;on a souvent des spectacles incroyables chaque soir.<\/p>\n<h3><strong>Pourquoi avez-vous eu envie de passer par\u00a0Bedycasa\u00a0pour proposer votre h\u00e9bergement ?<\/strong><\/h3>\n<p>De notre c\u00f4t\u00e9, on s\u2019occupe de se concentrer sur la recherche et l\u2019\u00e9ducation \u00e0 l\u2019environnement. Ces choix prennent du temps, mais il faut aussi savoir bien communiquer, c\u2019es pourquoi on a choisi\u00a0BedyCasa.\u00a0C\u2019est une plateforme qui permet de sortir de son quotidien, qui s\u2019engage, qui a des partenaires solides. Pour moi Magali est une personne solide avec un caract\u00e8re fort, et je suis admiratif de ses capacit\u00e9s d\u2019entrepreneuriat. Elle sait aussi s\u2019entourer de personnes qui peuvent pousser les projets vers le haut et c\u2019est aussi \u00e7a que nous aimons chez Etika Mondo !<\/p>\n<p>Mais\u00a0BedyCasa, r\u00e9pond aussi \u00e0 nos valeurs \u00e9thiques et \u00e9cologiques, et \u00e7a c\u2019est essentiel !<\/p>\n<h3><strong>Parlez-nous un peu plus de votre h\u00e9bergement, que propose-t-il d\u2019\u00e9co-responsable ?<\/strong><\/h3>\n<p>Nos h\u00e9bergements sont exclusifs aux stages que l&#8217;on propose, notre but ce n\u2019est pas d\u2019accueillir des personnes pour un voyage, mais de les former sur l\u2019\u00e9ducation environnementale, le lien humain, l\u2019environnement.<\/p>\n<p>C\u2019est une immersion totale sur l\u2019\u00e9cologie, il y a les tentes en pleine nature, pour d\u00e9couvrir une exp\u00e9rience de pleine sobri\u00e9t\u00e9, on dort sous le ciel \u00e9toil\u00e9.<\/p>\n<p>Pour le fonctionnement, il y a des toilettes s\u00e8ches, on mange des repas bios. Chaque midi, on mange des crudit\u00e9s, ce qui permet de faire d&#8217;importantes \u00e9conomies d\u2019eau et d\u2019\u00e9nergies sur l\u2019ann\u00e9e. Cela permet aussi de r\u00e9duire la vaisselle et les emballages.<\/p>\n<p>Tout le monde participe aux taches et c\u2019est \u00e7a qui est formidable.<\/p>\n<p>Tout le monde participe \u00e0 la vie de l\u2019\u00e9colieu.<\/p>\n<p>Il y a aussi une \u00e9quit\u00e9 entre les femmes et les hommes.<\/p>\n<p>Pour diff\u00e9rentes raisons culturelles et circonstentielles, on s\u2019est retrouv\u00e9 dans une construction familiale o\u00f9 la femme \u00e9tait \u00e0 la cuisine ou avec les enfants. \u00c7a atteint ses limites, qui n\u2019ont pas \u00e9t\u00e9 b\u00e9n\u00e9fiques, ni pour les femmes ni pour les hommes.<\/p>\n<p>Il faut repenser ces sch\u00e9mas !<\/p>\n<p>Mais aujourd\u2019hui, les femmes participent \u00e0 la construction de la soci\u00e9t\u00e9.<\/p>\n<p>C\u2019est pourquoi, chez Etika Mondo, nous partageons \u00e9quitablement les t\u00e2ches entre nous tous.<\/p>\n<p>Une \u00e9quipe est soud\u00e9es quand il y a une complicit\u00e9, avant m\u00eame la confiance. Et apr\u00e8s la confiance vient.<\/p>\n<p>Et le fait que tout le monde participe aux corv\u00e9es permet de soulager les charges mentales et la pression de devoir tout faire, cela permet aussi de se motiver pour les taches en se les repartissent.<\/p>\n<p>Un vrai soulagement pour tout le monde ! La cov\u00e9e se transforme donc en soin, c\u2019est de \u00e7a dont nous parlons chez Etika Mondo.<\/p>\n<p>Et autour de cet h\u00e9bergement, il y a tout le programme p\u00e9dagogique de 5 jours :<\/p>\n<ul>\n<li>Science de l\u2019\u00e9cologie : balade immersive en for\u00eat, on observe la nature pour comprendre son fonctionnement avec des r\u00e9flexions derri\u00e8re\u2026 On veut que les participant aient les bases la science \u00e9cologique.<\/li>\n<li>Ateliers : G\u00e9nie \u00e9cologique, aider la nature \u00e0 reproduire de la biomasse, biodiversit\u00e9\u2026 On leur apprend aussi comme utiliser les outils de la nature, le fonctionnement du potager, comment se prot\u00e9ger des catastrophes naturelles, mais aussi de savoir aider la biodiversit\u00e9 \u00e0 se r\u00e9g\u00e9n\u00e9rer.<\/li>\n<li>Balades tous les matins et soirs<\/li>\n<li>Guinguette le dernier soir\u2026<\/li>\n<\/ul>\n<p><img loading=\"lazy\" decoding=\"async\" class=\"alignnone size-medium wp-image-1016 aligncenter\" src=\"https:\/\/blog.bedycasa.com\/wp-content\/uploads\/2023\/05\/https___ae6d3d121e4d6abab7ec7e0daa7dd48c.cdn_.bubble-300x150.jpeg\" alt=\"\" width=\"300\" height=\"150\" \/><\/p>\n<h3><strong>Qu\u2019avez-vous envie de partager avec les voyageurs\/BedyTravelers ?<\/strong><\/h3>\n<p>Ce qu\u2019on a envie de partager, c\u2019est de prendre acte de la situation, qui est \u00e0 la fois risqu\u00e9e, mais aussi une opportunit\u00e9 !<\/p>\n<p>Depuis longtemps, les regroupements scientifiques, nous informent que la situation est mauvaise, c\u2019est le c\u00f4t\u00e9 obscur qui peut faire fuir, mais le probl\u00e8me est en face de nous, c\u2019est le moment de r\u00e9agir !<\/p>\n<p>Mais nous avons la possibilit\u00e9 de r\u00e9agir et agir de mani\u00e8re plus fun et adapt\u00e9e, en r\u00e9inventant des techniques et m\u00e9thodes.<\/p>\n<p>Enorm\u00e9ment de gens reviennent de nos stages en ayant le d\u00e9sir de changement et repartent plus motiv\u00e9s.<\/p>\n<h3><strong>Nous imaginons que vous partagez les valeurs de Bedycasa, mais pour vous, qu\u2019est ce qui est le plus important lorsqu\u2019on fait de la location longue\/courte dur\u00e9e chez Bedycasa ?<\/strong><\/h3>\n<p>3 grandes valeurs d\u00e9finissent notre \u00e9colieu : l\u2019\u00e9cologie, le confort et le merveilleux.<\/p>\n<p>Pour la valeur \u00e9cologique, parfois c\u2019est du temps long qu\u2019il faut, ou du budget, ou alors un manque de comp\u00e9tences ou encore d\u2019experts ou connaisseurs. Mais avec le collectif, nous arrivons \u00e0 proposer des s\u00e9jours adapt\u00e9s \u00e0 chacun pour que chaque participant aille \u00e0 son rythme !<\/p>\n<p>Pour le confort, m\u00eame si pour certains faire du bivouac est un peu rude, c\u2019est finalement tr\u00e8s confortable et notre lieu est encore en transitions.<\/p>\n<p>Il faut arr\u00eater d\u2019associer l\u2019\u00e9cologie et le confort (l\u2019inconfort), certes le confort n\u2019est pas encore parfait, mais petit \u00e0 petit, il le devient et il \u00e9volue en fonction des circonstances.<\/p>\n<p>Surtout aujourd\u2019hui avec les nouvelles constructions qui polluent et rendent malades\u2026 Il y a vraiment cette n\u00e9cessit\u00e9 de repenser notre habitat (encore une valeur partag\u00e9e avec Bedycasa).<\/p>\n<p>Par exemple, tous les ans, plus de 40 000 personnes meurent en France \u00e0 cause de l\u2019air.<\/p>\n<p>Et pour le c\u00f4t\u00e9 merveilleux, c\u2019est la nature, le lieu, mais aussi les gens\u2026 Tout ce qu\u2019on partage est merveilleux !<\/p>\n<h3><strong>Avez-vous une histoire \u00e0 nous raconter avec un voyageur qui vous a marqu\u00e9 ?<\/strong><\/h3>\n<p>J\u2019ai trois petites anecdotes !<\/p>\n<p>La 1\u00e8re ann\u00e9e, un couple est venu faire un stage et ils voulaient changer de mode de vie sous 2 \u00e0 3 ans.<\/p>\n<p>\u00c0 la fin du stage, ils nous ont annonc\u00e9s, qu&#8217;ils voulaient faire ce changement sous 2 \u00e0 3 mois finalement.<\/p>\n<p>Ils ont mis en place leur petite vie, en pleine nature, ils ont eu un enfant, et un jour, ils m&#8217;ont appel\u00e9, et ils m\u2019ont dit qu\u2019ils \u00e9taient super heureux, surtout avec le confinement, ils n\u2019\u00e9taient pas enferm\u00e9s, mais au grand air.<\/p>\n<p>Apr\u00e8s, il y a eu Victor, vers la fin de la 2e ann\u00e9e qui, \u00e0 la fin du stage, a demand\u00e9 \u00e0 faire du volontariat.<\/p>\n<p>Il \u00e9tait \u00e9l\u00e8ve ing\u00e9nieur et il a d\u00e9cid\u00e9, par la suite, de faire son projet de fin d&#8217;\u00e9tudes chez\u00a0Etika\u00a0Mondo.<\/p>\n<p>Devoir qui provoque un d\u00e9bat lors de son rendu, et va amener un d\u00e9bat scientifique.<\/p>\n<p>Un excellent projet, et depuis, il vit maintenant avec nous, depuis plus de 3 ans. Chaque ann\u00e9e, gr\u00e2ce \u00e0 lui, on propose des missions \u00e0 des \u00e9tudiants scientifiques !<\/p>\n<p>Et la 3\u00e8me anecdote :<\/p>\n<p>Guilhem est venu avec sa s\u0153ur\u00a0Emeline, et apr\u00e8s leur stage, ils ont d\u00e9cid\u00e9 de changer de voie professionnelle.<\/p>\n<p>Guilhem travaillait \u00e0 La D\u00e9fense et a d\u00e9cid\u00e9 de devenir volontaire pour\u00a0Etika\u00a0Mondo, et\u00a0Emeline\u00a0qui \u00e9tait en BTS linguistique, a chang\u00e9 de parcours et elle est all\u00e9e vers un BTS Agricole.<\/p>\n<p>Comme quoi le stage peut faire \u00e9voluer des personnes et leur parcours\u2026<\/p>\n<p><img loading=\"lazy\" decoding=\"async\" class=\"alignnone size-medium wp-image-1015 aligncenter\" src=\"https:\/\/blog.bedycasa.com\/wp-content\/uploads\/2023\/05\/https___ae6d3d121e4d6abab7ec7e0daa7dd48c.cdn_.bubble-1-300x225.jpeg\" alt=\"\" width=\"300\" height=\"225\" \/><\/p>\n<h3><strong>Vos\u00a0voyageurs arrivent-ils majoritairement en train, voiture ou avion ou autre ?<\/strong><\/h3>\n<p>On demande d\u2019\u00e9viter les transports les plus polluants, mais majoritairement les voyageurs viennent en train, puis en bus qui les am\u00e8ne \u00e0 c\u00f4t\u00e9 du village pr\u00e8s de chez nous.\u00a0C\u2019est l\u00e0 qu\u2019une navette vient prendre leurs affaires et on part en randonn\u00e9e jusqu\u2019\u00e0 l\u2019\u00e9co-lieu.<\/p>\n<p>Une fois, il y a une m\u00e8re, Eva, qui est venue \u00e0 v\u00e9lo avec ses enfants, c\u2019\u00e9tait assez courageux, et \u00e0 la suite de son stage, elle a d\u00e9cid\u00e9 de cr\u00e9er chez EDF, o\u00f9 elle travaillait, un comit\u00e9 sur la sobri\u00e9t\u00e9 \u00e9nerg\u00e9tique.<\/p>\n<h3><strong>Et cette notion de d\u00e9connexion digitale ?<\/strong><\/h3>\n<p>Notre but est de rassembler plut\u00f4t qu\u2019\u00e9loigner, on n\u2019interdit pas les t\u00e9l\u00e9phones, on laisse le choix.\u00a0Mais on invite \u00e0 l\u00e2cher les appareils num\u00e9riques et \u00e0 passer du temps avec nous.<\/p>\n<p>Et souvent, on se rend compte que les participants l\u2019utilise juste pour passer un appel \u00e0 la famille, pour dire que tout va bien.<\/p>\n<p>En plus, les personnes sont tellement sollicit\u00e9es par l\u2019exp\u00e9rience qu\u2019elles en oublient leur t\u00e9l\u00e9phone ! Donc finalement, les choses se font d\u2019elles m\u00eames !<\/p>\n<p><img loading=\"lazy\" decoding=\"async\" class=\"size-medium wp-image-1013 aligncenter\" src=\"https:\/\/blog.bedycasa.com\/wp-content\/uploads\/2023\/05\/https___ae6d3d121e4d6abab7ec7e0daa7dd48c.cdn_.bubble-3-300x225.jpeg\" alt=\"\" width=\"300\" height=\"225\" \/><\/p>\n<h3><strong>Comment voyez-vous le tourisme d\u2019ici 5 ans ?<\/strong><\/h3>\n<p>Pour moi le tourisme dans 5 ans peut-\u00eatre \u00e0 la fois court ou long.<\/p>\n<p>Long dans le sens o\u00f9, si on reste sur des \u00e9nergies non renouvelables, il n\u2019y aura pas de changement, il n\u2019y aura pas cette prise de conscience.<\/p>\n<p>Pour une majorit\u00e9 de la population, il y a l\u2019intention et l\u2019action, et beaucoup d\u2019entre-eux restent minoritaires dans l&#8217;action.<\/p>\n<p>Mais je pense que le tourisme \u00e9tique aura gagn\u00e9 des parts de march\u00e9, mais peut \u00eatre pas assez pour peser dans la balance.<\/p>\n<p>Il y a aussi diff\u00e9rentes circonstances qui nous bousculent, qui vont nous obliger \u00e0 changer de mode de vie. Avant, il y avait une grande partie de parisiens qui venaient \u00e0 nos stages, pr\u00e8s de 80%. Maintenant, avec l\u2019augmentation du co\u00fbt de la vie, ce sont plus des personnes pr\u00e8s de chez nous.<\/p>\n<p>C\u2019est pourquoi, nous r\u00e9fl\u00e9chissons \u00e0 la relocalisation.<\/p>\n<p>Pour nous, le tourisme est bas\u00e9 sur une exp\u00e9rience, les stages permettent de se former, mais aussi de passer du bon temps.<\/p>\n<p>On se pose aussi la question de \u00ab Qu\u2019est-ce que je vais laisser comme trace aux g\u00e9n\u00e9rations futures ? \u00bb<\/p>\n<h3><strong>Si on vous dit \u201cBedycasa, vous pensez \u00e0 quoi en premier ? (valeur, action, histoire, personne\u2026)<\/strong><\/h3>\n<p>Je dis \u00ab Espoir \u00bb, d\u00e9j\u00e0 parce que BedyCasa rena\u00eet de ses cendres, c\u2019est incroyable, ce n\u2019est pas qu\u2019une simple plateforme de tourisme, il y a un engagement fort, sur l\u2019\u00e9thique et l\u2019\u00e9cologie.<\/p>\n<p>L\u2019esprit n\u2019est nourrit que d\u2019une chose, c\u2019est l\u2019action !<\/p>\n<p>BedyCasa a aussi une histoire qui motive et donne de l\u2019espoir.<\/p>\n<h3><strong>Un mot de la fin ?<\/strong><\/h3>\n<p>Il y a quelque chose dont nous n\u2019avons pas parl\u00e9 et que je trouve int\u00e9ressant, c\u2019est la dimension familiale.<\/p>\n<p>Au niveau de la famille, c\u2019est souvent l\u2019un des deux qui est convaincu et le ou la partenaire ne suit pas toujours, mais il y a aussi les enfants \u00e0 prendre en compte.<\/p>\n<p>Je tiens \u00e0 rassurer tout le monde, de notre c\u00f4t\u00e9, nous sommes pass\u00e9s par des \u00e9pisodes pas tr\u00e8s confortables. Pendant 1 an, nous avons tous v\u00e9cus dans 20m2 et ce n\u2019\u00e9tait pas toujours facile.<\/p>\n<p>Il faut du temps d\u2019adaptation pour les enfants surtout avec les d\u00e9m\u00e9nagements, il ne faut pas les brusquer.\u00a0Il faut prendre le temps de leur expliquer et de les laisser faire leur chemin.<\/p>\n<p>Avec du courage, de l\u2019abn\u00e9gation, et un brin d\u2019intelligence, on peut \u00e9voluer dans sa qualit\u00e9 de vie.<\/p>\n<p>Au niveau du couple, il faut que le couple soit en bonne sant\u00e9, qu\u2019il y ait de la confiance. Il faut s\u2019accompagner et prendre le temps. Ne pas h\u00e9siter \u00e0 se faire accompagner.<\/p>\n<p>Faire des s\u00e9ances de coaching peut \u00eatre int\u00e9ressant pour prendre du recul.\u00a0Il faut \u00eatre patient avec l\u2019autre, mais aussi s\u2019\u00e9couter, l\u2019amour pour l\u2019autre entre en jeu, la complicit\u00e9\u2026<\/p>\n<p>Je pars peut \u00eatre loin mais c\u2019est aussi pour montrer que c\u2019est dans tous les aspects de notre vie qu\u2019on \u00e9volue, qu\u2019on traverse des hauts, des bas, et que c\u2019est comme \u00e7a qu\u2019on avance !<\/p>\n<a href='https:\/\/www.bedycasa.com\/accommodation\/stage-immersion-nature-et-ecolieu-le-vigan-occitanie-france-1681733386950x145242139922792450' class='small-button smallblue' target=\"_blank\">Pour retrouver l&#8217;h\u00e9bergement sur Bedycasa<\/a>\n<p>Et pour voir l&#8217;interview en vid\u00e9o, c&#8217;est ici :<\/p>\n<p><a href=\"https:\/\/youtu.be\/l-bYfyA4AE4\"><img loading=\"lazy\" decoding=\"async\" class=\"size-medium wp-image-1012 aligncenter\" src=\"https:\/\/blog.bedycasa.com\/wp-content\/uploads\/2023\/05\/1-300x169.png\" alt=\"\" width=\"300\" height=\"169\" \/><\/a><\/p>\n<p><img loading=\"lazy\" decoding=\"async\" class=\"alignnone size-medium wp-image-1014 aligncenter\" src=\"https:\/\/blog.bedycasa.com\/wp-content\/uploads\/2023\/05\/https___ae6d3d121e4d6abab7ec7e0daa7dd48c.cdn_.bubble-2-300x199.jpeg\" alt=\"\" width=\"300\" height=\"199\" \/><\/p>\n","protected":false},"excerpt":{"rendered":"<p>Nous avons envie de mettre en avant nos h\u00e9bergeurs, donc nous commen\u00e7ons une s\u00e9rie d\u2019interview sous forme d\u2019article que nous allons mettre ici pour vous partager la g\u00e9n\u00e8se, l\u2019histoire et les aventures de nos BedyHost ! Notre 2\u00e8me interview sera avec Boris Aubligine, d&#8217;Etika Mondo ! Qui \u00eates-vous ?\u00a0Quelle\u00a0est\u00a0votre histoire et l\u2019histoire de votre\u00a0logement\/vos\u00a0logements ? [&hellip;]<\/p>\n","protected":false},"author":6,"featured_media":0,"comment_status":"open","ping_status":"open","sticky":false,"template":"","format":"standard","meta":{"_et_pb_use_builder":"","_et_pb_old_content":"","_et_gb_content_width":"","footnotes":""},"categories":[36],"tags":[],"class_list":["post-1007","post","type-post","status-publish","format-standard","hentry","category-blog-blog"],"translation":{"provider":"WPGlobus","version":"3.0.2","language":"sp","enabled_languages":["fr","en","sp","it"],"languages":{"fr":{"title":true,"content":true,"excerpt":false},"en":{"title":false,"content":false,"excerpt":false},"sp":{"title":false,"content":false,"excerpt":false},"it":{"title":false,"content":false,"excerpt":false}}},"yoast_head":"<!-- This site is optimized with the Yoast SEO plugin v24.7 - https:\/\/yoast.com\/wordpress\/plugins\/seo\/ -->\n<title>Interview Boris Aubligine, Etika Mondo - Blog bedycasa<\/title>\n<meta name=\"robots\" content=\"index, follow, max-snippet:-1, max-image-preview:large, max-video-preview:-1\" \/>\n<link rel=\"canonical\" href=\"https:\/\/blog.bedycasa.com\/interview-boris-aubligine-etika-mondo\/\" \/>\n<meta property=\"og:locale\" content=\"en_US\" \/>\n<meta property=\"og:type\" content=\"article\" \/>\n<meta property=\"og:title\" content=\"Interview Boris Aubligine, Etika Mondo - Blog bedycasa\" \/>\n<meta property=\"og:url\" content=\"https:\/\/blog.bedycasa.com\/interview-boris-aubligine-etika-mondo\/\" \/>\n<meta property=\"og:site_name\" content=\"Blog bedycasa\" \/>\n<meta property=\"article:published_time\" content=\"2023-05-12T22:31:05+00:00\" \/>\n<meta property=\"article:modified_time\" content=\"2023-06-30T23:04:20+00:00\" \/>\n<meta property=\"og:image\" content=\"https:\/\/blog.bedycasa.com\/wp-content\/uploads\/2023\/05\/Boris.png\" \/>\n\t<meta property=\"og:image:width\" content=\"500\" \/>\n\t<meta property=\"og:image:height\" content=\"500\" \/>\n\t<meta property=\"og:image:type\" content=\"image\/png\" \/>\n<meta name=\"author\" content=\"Alexane renaut\" \/>\n<meta name=\"twitter:card\" content=\"summary_large_image\" \/>\n<meta name=\"twitter:label1\" content=\"Written by\" \/>\n\t<meta name=\"twitter:data1\" content=\"Alexane renaut\" \/>\n\t<meta name=\"twitter:label2\" content=\"Est. reading time\" \/>\n\t<meta name=\"twitter:data2\" content=\"12 minutes\" \/>\n<script type=\"application\/ld+json\" class=\"yoast-schema-graph\">{\"@context\":\"https:\/\/schema.org\",\"@graph\":[{\"@type\":\"WebPage\",\"@id\":\"https:\/\/blog.bedycasa.com\/interview-boris-aubligine-etika-mondo\/\",\"url\":\"https:\/\/blog.bedycasa.com\/interview-boris-aubligine-etika-mondo\/\",\"name\":\"Interview Boris Aubligine, Etika Mondo - Blog bedycasa\",\"isPartOf\":{\"@id\":\"https:\/\/blog.bedycasa.com\/en\/#website\"},\"primaryImageOfPage\":{\"@id\":\"https:\/\/blog.bedycasa.com\/interview-boris-aubligine-etika-mondo\/#primaryimage\"},\"image\":{\"@id\":\"https:\/\/blog.bedycasa.com\/interview-boris-aubligine-etika-mondo\/#primaryimage\"},\"thumbnailUrl\":\"https:\/\/blog.bedycasa.com\/wp-content\/uploads\/2023\/05\/Boris-300x300.png\",\"datePublished\":\"2023-05-12T22:31:05+00:00\",\"dateModified\":\"2023-06-30T23:04:20+00:00\",\"author\":{\"@id\":\"https:\/\/blog.bedycasa.com\/en\/#\/schema\/person\/b407f501bc4bf4425d514fdf662750f8\"},\"breadcrumb\":{\"@id\":\"https:\/\/blog.bedycasa.com\/interview-boris-aubligine-etika-mondo\/#breadcrumb\"},\"inLanguage\":\"en-ES\",\"potentialAction\":[{\"@type\":\"ReadAction\",\"target\":[\"https:\/\/blog.bedycasa.com\/interview-boris-aubligine-etika-mondo\/\"]}]},{\"@type\":\"ImageObject\",\"inLanguage\":\"en-ES\",\"@id\":\"https:\/\/blog.bedycasa.com\/interview-boris-aubligine-etika-mondo\/#primaryimage\",\"url\":\"https:\/\/blog.bedycasa.com\/wp-content\/uploads\/2023\/05\/Boris-300x300.png\",\"contentUrl\":\"https:\/\/blog.bedycasa.com\/wp-content\/uploads\/2023\/05\/Boris-300x300.png\"},{\"@type\":\"BreadcrumbList\",\"@id\":\"https:\/\/blog.bedycasa.com\/interview-boris-aubligine-etika-mondo\/#breadcrumb\",\"itemListElement\":[{\"@type\":\"ListItem\",\"position\":1,\"name\":\"Accueil\",\"item\":\"https:\/\/blog.bedycasa.com\/\"},{\"@type\":\"ListItem\",\"position\":2,\"name\":\"Interview Boris Aubligine, Etika Mondo\"}]},{\"@type\":\"WebSite\",\"@id\":\"https:\/\/blog.bedycasa.com\/en\/#website\",\"url\":\"https:\/\/blog.bedycasa.com\/en\/\",\"name\":\"Blog bedycasa\",\"description\":\"Blog bedycasa\",\"potentialAction\":[{\"@type\":\"SearchAction\",\"target\":{\"@type\":\"EntryPoint\",\"urlTemplate\":\"https:\/\/blog.bedycasa.com\/en\/?s={search_term_string}\"},\"query-input\":{\"@type\":\"PropertyValueSpecification\",\"valueRequired\":true,\"valueName\":\"search_term_string\"}}],\"inLanguage\":\"en-ES\"},{\"@type\":\"Person\",\"@id\":\"https:\/\/blog.bedycasa.com\/en\/#\/schema\/person\/b407f501bc4bf4425d514fdf662750f8\",\"name\":\"Alexane renaut\",\"image\":{\"@type\":\"ImageObject\",\"inLanguage\":\"en-ES\",\"@id\":\"https:\/\/blog.bedycasa.com\/en\/#\/schema\/person\/image\/\",\"url\":\"https:\/\/secure.gravatar.com\/avatar\/b79762b5420a478dcd5ac4c6659e208c1ab4580027af3f344ad20faae2620d31?s=96&d=mm&r=g\",\"contentUrl\":\"https:\/\/secure.gravatar.com\/avatar\/b79762b5420a478dcd5ac4c6659e208c1ab4580027af3f344ad20faae2620d31?s=96&d=mm&r=g\",\"caption\":\"Alexane renaut\"},\"url\":\"https:\/\/blog.bedycasa.com\/sp\/author\/alexaner\/\"}]}<\/script>\n<!-- \/ Yoast SEO plugin. -->","yoast_head_json":{"title":"Interview Boris Aubligine, Etika Mondo - Blog bedycasa","robots":{"index":"index","follow":"follow","max-snippet":"max-snippet:-1","max-image-preview":"max-image-preview:large","max-video-preview":"max-video-preview:-1"},"canonical":"https:\/\/blog.bedycasa.com\/interview-boris-aubligine-etika-mondo\/","og_locale":"en_US","og_type":"article","og_title":"Interview Boris Aubligine, Etika Mondo - Blog bedycasa","og_url":"https:\/\/blog.bedycasa.com\/interview-boris-aubligine-etika-mondo\/","og_site_name":"Blog bedycasa","article_published_time":"2023-05-12T22:31:05+00:00","article_modified_time":"2023-06-30T23:04:20+00:00","og_image":[{"width":500,"height":500,"url":"https:\/\/blog.bedycasa.com\/wp-content\/uploads\/2023\/05\/Boris.png","type":"image\/png"}],"author":"Alexane renaut","twitter_card":"summary_large_image","twitter_misc":{"Written by":"Alexane renaut","Est. reading time":"12 minutes"},"schema":{"@context":"https:\/\/schema.org","@graph":[{"@type":"WebPage","@id":"https:\/\/blog.bedycasa.com\/interview-boris-aubligine-etika-mondo\/","url":"https:\/\/blog.bedycasa.com\/interview-boris-aubligine-etika-mondo\/","name":"Interview Boris Aubligine, Etika Mondo - Blog bedycasa","isPartOf":{"@id":"https:\/\/blog.bedycasa.com\/en\/#website"},"primaryImageOfPage":{"@id":"https:\/\/blog.bedycasa.com\/interview-boris-aubligine-etika-mondo\/#primaryimage"},"image":{"@id":"https:\/\/blog.bedycasa.com\/interview-boris-aubligine-etika-mondo\/#primaryimage"},"thumbnailUrl":"https:\/\/blog.bedycasa.com\/wp-content\/uploads\/2023\/05\/Boris-300x300.png","datePublished":"2023-05-12T22:31:05+00:00","dateModified":"2023-06-30T23:04:20+00:00","author":{"@id":"https:\/\/blog.bedycasa.com\/en\/#\/schema\/person\/b407f501bc4bf4425d514fdf662750f8"},"breadcrumb":{"@id":"https:\/\/blog.bedycasa.com\/interview-boris-aubligine-etika-mondo\/#breadcrumb"},"inLanguage":"en-ES","potentialAction":[{"@type":"ReadAction","target":["https:\/\/blog.bedycasa.com\/interview-boris-aubligine-etika-mondo\/"]}]},{"@type":"ImageObject","inLanguage":"en-ES","@id":"https:\/\/blog.bedycasa.com\/interview-boris-aubligine-etika-mondo\/#primaryimage","url":"https:\/\/blog.bedycasa.com\/wp-content\/uploads\/2023\/05\/Boris-300x300.png","contentUrl":"https:\/\/blog.bedycasa.com\/wp-content\/uploads\/2023\/05\/Boris-300x300.png"},{"@type":"BreadcrumbList","@id":"https:\/\/blog.bedycasa.com\/interview-boris-aubligine-etika-mondo\/#breadcrumb","itemListElement":[{"@type":"ListItem","position":1,"name":"Accueil","item":"https:\/\/blog.bedycasa.com\/"},{"@type":"ListItem","position":2,"name":"Interview Boris Aubligine, Etika Mondo"}]},{"@type":"WebSite","@id":"https:\/\/blog.bedycasa.com\/en\/#website","url":"https:\/\/blog.bedycasa.com\/en\/","name":"Blog bedycasa","description":"Blog bedycasa","potentialAction":[{"@type":"SearchAction","target":{"@type":"EntryPoint","urlTemplate":"https:\/\/blog.bedycasa.com\/en\/?s={search_term_string}"},"query-input":{"@type":"PropertyValueSpecification","valueRequired":true,"valueName":"search_term_string"}}],"inLanguage":"en-ES"},{"@type":"Person","@id":"https:\/\/blog.bedycasa.com\/en\/#\/schema\/person\/b407f501bc4bf4425d514fdf662750f8","name":"Alexane renaut","image":{"@type":"ImageObject","inLanguage":"en-ES","@id":"https:\/\/blog.bedycasa.com\/en\/#\/schema\/person\/image\/","url":"https:\/\/secure.gravatar.com\/avatar\/b79762b5420a478dcd5ac4c6659e208c1ab4580027af3f344ad20faae2620d31?s=96&d=mm&r=g","contentUrl":"https:\/\/secure.gravatar.com\/avatar\/b79762b5420a478dcd5ac4c6659e208c1ab4580027af3f344ad20faae2620d31?s=96&d=mm&r=g","caption":"Alexane renaut"},"url":"https:\/\/blog.bedycasa.com\/sp\/author\/alexaner\/"}]}},"_links":{"self":[{"href":"https:\/\/blog.bedycasa.com\/sp\/wp-json\/wp\/v2\/posts\/1007","targetHints":{"allow":["GET"]}}],"collection":[{"href":"https:\/\/blog.bedycasa.com\/sp\/wp-json\/wp\/v2\/posts"}],"about":[{"href":"https:\/\/blog.bedycasa.com\/sp\/wp-json\/wp\/v2\/types\/post"}],"author":[{"embeddable":true,"href":"https:\/\/blog.bedycasa.com\/sp\/wp-json\/wp\/v2\/users\/6"}],"replies":[{"embeddable":true,"href":"https:\/\/blog.bedycasa.com\/sp\/wp-json\/wp\/v2\/comments?post=1007"}],"version-history":[{"count":9,"href":"https:\/\/blog.bedycasa.com\/sp\/wp-json\/wp\/v2\/posts\/1007\/revisions"}],"predecessor-version":[{"id":1043,"href":"https:\/\/blog.bedycasa.com\/sp\/wp-json\/wp\/v2\/posts\/1007\/revisions\/1043"}],"wp:attachment":[{"href":"https:\/\/blog.bedycasa.com\/sp\/wp-json\/wp\/v2\/media?parent=1007"}],"wp:term":[{"taxonomy":"category","embeddable":true,"href":"https:\/\/blog.bedycasa.com\/sp\/wp-json\/wp\/v2\/categories?post=1007"},{"taxonomy":"post_tag","embeddable":true,"href":"https:\/\/blog.bedycasa.com\/sp\/wp-json\/wp\/v2\/tags?post=1007"}],"curies":[{"name":"wp","href":"https:\/\/api.w.org\/{rel}","templated":true}]}}