{"id":1105,"date":"2025-04-09T15:42:19","date_gmt":"2025-04-09T13:42:19","guid":{"rendered":"https:\/\/blog.bedycasa.com\/?p=1105"},"modified":"2025-04-09T15:42:19","modified_gmt":"2025-04-09T13:42:19","slug":"hebergements-vacances-pas-chers-france","status":"publish","type":"post","link":"https:\/\/blog.bedycasa.com\/it\/hebergements-vacances-pas-chers-france\/","title":{"rendered":"Notre s\u00e9lection d\u2019h\u00e9bergements \u00e0 moins de 70\u20ac la nuit pour les week-ends prolong\u00e9s de mai"},"content":{"rendered":"<p>3 weekends prolong\u00e9s en mai = 3 occasions de s&#8217;\u00e9vader sans se ruiner !<\/p>\n<p>Nous avons s\u00e9lectionn\u00e9 pour vous des <strong>h\u00e9bergements \u00e9thiques et responsables \u00e0 moins de 70\u20ac\/nuit.<\/strong><\/p>\n<p>Que vous r\u00eaviez d&#8217;une escapade nature au c\u0153ur des <strong>for\u00eats bretonnes,<\/strong> d&#8217;une immersion culturelle dans une ville <strong>historique<\/strong> ou d&#8217;un s\u00e9jour gourmand en <strong>P\u00e9rigord<\/strong>, cette s\u00e9lection saura satisfaire vos envies. Le tout en privil\u00e9giant les <strong>rencontres chaleureuses<\/strong> et un <strong>tourisme plus responsable<\/strong>.<\/p>\n<p>D\u00e9couvrez ces petites p\u00e9pites qui allient prix doux et valeurs responsables.<\/p>\n<p>&nbsp;<\/p>\n<h2><strong>Pour un s\u00e9jour au vert &#8211; \u00e0 moins de 70\u20ac la nuit !<\/strong><\/h2>\n<p>&nbsp;<\/p>\n<h3><strong>Chalet Cosy \u2013 Eymet, P\u00e9rigord (Nouvelle-Aquitaine),<\/strong><\/h3>\n<p>&nbsp;<\/p>\n<p><strong><img loading=\"lazy\" decoding=\"async\" class=\"alignleft wp-image-1127 size-medium\" src=\"https:\/\/blog.bedycasa.com\/wp-content\/uploads\/2025\/04\/Eymet-Dordogne-1-300x197.png\" alt=\"h\u00e9bergements \u00e0 petit prix - Dordogne\" width=\"300\" height=\"197\" \/>Le logement :<\/strong> ce chalet de 20 m\u00b2 climatis\u00e9, situ\u00e9 \u00e0 deux pas de Bergerac, allie confort et simplicit\u00e9. Avec sa kitchenette, son lit double et sa piscine couverte (en saison), c&#8217;est un petit havre de paix pour les<strong> amoureux du P\u00e9rigord<\/strong>.<\/p>\n<p><strong>La destination :<\/strong> Eymet, bastide m\u00e9di\u00e9vale, charme par ses ruelles pittoresques et son ambiance proven\u00e7ale. \u00c0 proximit\u00e9, les vignobles de <strong>Monbazillac<\/strong> et <strong>Saint-\u00c9milion<\/strong> raviront les oenophiles. Parfait pour un weekend entre d\u00e9tente et d\u00e9couvertes gourmandes.<\/p>\n<p>&nbsp;<\/p>\n<p><a href=\"https:\/\/www.bedycasa.com\/accommodation\/chalet-cosy-eymet-nouvelle-aquitaine-france-1635266204716x469047758548107260?search=1743756740110x787458703979446300&amp;pax=2&amp;start=May 1%2C 2025 2%3A00 am&amp;end=May 4%2C 2025 2%3A00 am&amp;dates=[[&quot;2025-05-04T00%3A00%3A00.000Z&quot;%2C&quot;2025-05-01T00%3A00%3A00.000Z&quot;]]\" target=\"_blank\" rel=\"noopener\">\u00c0 partir de 70\u20ac\/nuit : je r\u00e9serve !<\/a><\/p>\n<h3><\/h3>\n<h3><strong>Studette \u00e9quip\u00e9e au calme d&#8217;un Jardin \u2013 Le Bousquet-d&#8217;Orb, Occitanie<\/strong><\/h3>\n<p>&nbsp;<\/p>\n<p><strong><img loading=\"lazy\" decoding=\"async\" class=\"alignleft wp-image-1111 size-medium\" src=\"https:\/\/blog.bedycasa.com\/wp-content\/uploads\/2025\/04\/bousquet-dorb-300x197.png\" alt=\"h\u00e9bergements prix \u00e9thiques - H\u00e9rault\" width=\"300\" height=\"197\" \/><\/strong><\/p>\n<p><strong>Le logement :<\/strong>\u00a0cette studette de 22 m\u00b2 propose un lit confortable, une kitchenette et un acc\u00e8s direct \u00e0 un jardin-potager. Id\u00e9ale pour les curistes ou les randonneurs, elle est \u00e0 deux pas de la rivi\u00e8re et des commerces.<\/p>\n<p><strong>La destination :<\/strong> <strong>le Bousquet-d\u2019Orb, village authentique de l\u2019H\u00e9rault<\/strong>, est entour\u00e9 de paysages verdoyants. Randonn\u00e9es, baignades en rivi\u00e8re et visites des sites historiques locaux (comme le Cirque de Navacelles) en font une escapade nature parfaite.<\/p>\n<p><a href=\"https:\/\/www.bedycasa.com\/accommodation\/studette-\u00e9quip\u00e9e-au-calme-dun-jardin-le-bousquet-dorb-occitanie-france-1621684437402x851313457719148500?search=1743756740110x787458703979446300&amp;pax=2&amp;start=May 1%2C 2025 2%3A00 am&amp;end=May 4%2C 2025 2%3A00 am&amp;dates=[[&quot;2025-05-04T00%3A00%3A00.000Z&quot;%2C&quot;2025-05-01T00%3A00%3A00.000Z&quot;]]\" target=\"_blank\" rel=\"noopener\">\u00c0 partir de 40\u20ac\/nuit : je r\u00e9serve !\u00a0<\/a><\/p>\n<h3><\/h3>\n<h3><strong>3 Chambres dans la maison de Florie \u2013 Rostrenen, Bretagne<\/strong><\/h3>\n<p>&nbsp;<\/p>\n<p><strong><img loading=\"lazy\" decoding=\"async\" class=\"alignleft wp-image-1124 size-medium\" src=\"https:\/\/blog.bedycasa.com\/wp-content\/uploads\/2025\/04\/Chambres-Maison-Rostrenen-Bretagne-1-300x197.png\" alt=\"h\u00e9bergements \u00e0 moins de 70\u20ac la nuit - Cotes d'Armor\" width=\"300\" height=\"197\" \/>Le logement :<\/strong> cet \u00e9tage ind\u00e9pendant propose 3 chambres, une cuisine partag\u00e9e et un jardin avec cuisine d\u2019\u00e9t\u00e9. <strong>Parfait pour les randonneurs (GR37)<\/strong> ou les voyageurs \u00e0 v\u00e9lo.<\/p>\n<p><strong>La destination :<\/strong> Rostrenen, <strong>au<\/strong> <strong>c\u0153ur des C\u00f4tes-d\u2019Armor<\/strong>, est un point de d\u00e9part id\u00e9al pour explorer les canaux bretons et les for\u00eats mythiques. Son march\u00e9 traditionnel et son ambiance conviviale en font une halte chaleureuse.<\/p>\n<p>&nbsp;<\/p>\n<p><a href=\"https:\/\/www.bedycasa.com\/accommodation\/3-chambres-%C3%A0-l%C3%A9tage-de-notre-maison-rostrenen-bretagne-france-1688921658483x811362125727137800?search=1743756740110x787458703979446300&amp;pax=2&amp;start=May%201%2C%202025%202%3A00%20am&amp;end=May%204%2C%202025%202%3A00%20am&amp;dates=%5B%5B%222025-05-04T00%3A00%3A00.000Z%22%2C%222025-05-01T00%3A00%3A00.000Z%22%5D%5D\" target=\"_blank\" rel=\"noopener\">\u00c0 partir de 30\u20ac\/nuit : je r\u00e9serve !<\/a><\/p>\n<h3><\/h3>\n<h3><strong>Chambre avec acc\u00e8s ind\u00e9pendant \u2013 Saintes, Nouvelle-Aquitaine<\/strong><\/h3>\n<p>&nbsp;<\/p>\n<p><img loading=\"lazy\" decoding=\"async\" class=\"alignleft wp-image-1120 size-medium\" src=\"https:\/\/blog.bedycasa.com\/wp-content\/uploads\/2025\/04\/Saintes-300x197.png\" alt=\"h\u00e9bergements responsables et \u00e9thiques - Saintes\" width=\"300\" height=\"197\" \/><\/p>\n<p><strong>Le logement :<\/strong> cette chambre spacieuse dispose d&#8217;une salle de bain privative et d&#8217;une terrasse. Wifi, TV et cafeti\u00e8re sont inclus pour un s\u00e9jour autonome.<\/p>\n<p><strong>La destination :<\/strong> Saintes, ville romaine, impressionne par son <strong>amphith\u00e9\u00e2tre antique et sa cath\u00e9drale Saint-Pierre.<\/strong> Les bords de Charente invitent \u00e0 des balades bucoliques, tandis que les vignobles environnants promettent des d\u00e9gustations m\u00e9morables.<\/p>\n<p>&nbsp;<\/p>\n<p><a href=\"https:\/\/www.bedycasa.com\/accommodation\/chambre-avec-acc\u00e8s-ind\u00e9pendant-e--saintes-nouvelle-aquitaine-france-1656528094141x145966972309078000?search=1743756740110x787458703979446300&amp;pax=2&amp;start=May 1%2C 2025 2%3A00 am&amp;end=May 4%2C 2025 2%3A00 am&amp;dates=[[&quot;2025-05-04T00%3A00%3A00.000Z&quot;%2C&quot;2025-05-01T00%3A00%3A00.000Z&quot;]]\" target=\"_blank\" rel=\"noopener\">\u00c0 partir de 28\u20ac\/nuit : je r\u00e9serve !<\/a><\/p>\n<h3><\/h3>\n<h3><strong>Chalet nature chez Vincent, Lans-en-Vercors (Is\u00e8re)<\/strong><\/h3>\n<p>&nbsp;<\/p>\n<p><img loading=\"lazy\" decoding=\"async\" class=\"alignleft wp-image-1126 size-medium\" src=\"https:\/\/blog.bedycasa.com\/wp-content\/uploads\/2025\/04\/Studio-Angers-1-300x197.png\" alt=\"h\u00e9bergements \u00e0 moins de 70\u20ac la nuit - Vercors\" width=\"300\" height=\"197\" \/><\/p>\n<p><strong>Le logement :<\/strong> cette chambre dans un chalet en bois offre une vue imprenable sur les montagnes. Acc\u00e8s au salon avec chemin\u00e9e et au grand terrain ensoleill\u00e9.<\/p>\n<p><strong>La destination :<\/strong> <strong>Lans-en-Vercors, aux portes du Parc Naturel<\/strong>, est un paradis pour les sportifs (ski, VTT, parapente) et les amoureux de la nature. <strong>\u00c0 30 minutes de Grenoble<\/strong>, elle allie tranquillit\u00e9 et acc\u00e8s facile aux commodit\u00e9s.<\/p>\n<p>&nbsp;<\/p>\n<p><a href=\"https:\/\/www.bedycasa.com\/accommodation\/chambre-abricot-chalet-nature--1646345807578x264273901114909800?search=1743756740110x787458703979446300&amp;pax=2&amp;start=May%201%2C%202025%202%3A00%20am&amp;end=May%204%2C%202025%202%3A00%20am&amp;dates=%5B%5B%222025-05-04T00%3A00%3A00.000Z%22%2C%222025-05-01T00%3A00%3A00.000Z%22%5D%5D\" target=\"_blank\" rel=\"noopener\">\u00c0 partir de 57\u20ac\/nuit : je r\u00e9serve !<\/a><\/p>\n<h2><\/h2>\n<h2><strong>Pour un s\u00e9jour culturel \u00e0 petit prix<\/strong><\/h2>\n<p>&nbsp;<\/p>\n<h3><strong>Chambre d&#8217;H\u00f4te Paris Centre \u2013 Paris, \u00cele-de-France &#8211; \u00e0 moins de 70\u20ac\/nuit<\/strong><\/h3>\n<p><strong>Le logement :<\/strong> cette chambre bien situ\u00e9e pr\u00e8s des <strong>m\u00e9tros Bonne-Nouvelle et Strasbourg-Saint-Denis<\/strong> propose un petit-d\u00e9jeuner offert. Id\u00e9ale pour explorer la capitale sans se ruiner.<\/p>\n<p><strong>La destination :<\/strong> Paris, bien s\u00fbr, offre ses incontournables : le Louvre, Montmartre, les quais de Seine\u2026 Ce logement permet de profiter de l\u2019effervescence culturelle tout en \u00e9vitant les tarifs excessifs.<\/p>\n<p><a href=\"https:\/\/www.bedycasa.com\/accommodation\/chambre-dh\u00f4te-paris-centre-paris-\u00eele-de-france-france-1667243521679x529623011569958900?search=1743756740110x787458703979446300&amp;pax=2&amp;start=May 1%2C 2025 2%3A00 am&amp;end=May 4%2C 2025 2%3A00 am&amp;dates=[[&quot;2025-05-04T00%3A00%3A00.000Z&quot;%2C&quot;2025-05-01T00%3A00%3A00.000Z&quot;]]\" target=\"_blank\" rel=\"noopener\">\u00c0 partir de 66\u20ac\/nuit : je r\u00e9serve !<\/a><\/p>\n<p>&nbsp;<\/p>\n<h3><strong>Studio refait \u00e0 neuf \u00e0 50 m\u00e8tres du ch\u00e2teau d&#8217;Angers, Pays de la Loire<\/strong><\/h3>\n<p>&nbsp;<\/p>\n<p><strong><img loading=\"lazy\" decoding=\"async\" class=\"alignleft wp-image-1121 size-medium\" src=\"https:\/\/blog.bedycasa.com\/wp-content\/uploads\/2025\/04\/Studio-Angers-2-300x197.png\" alt=\"h\u00e9bergements \u00e0 moins de 70\u20ac la nuit - Angers\" width=\"300\" height=\"197\" \/><\/strong><\/p>\n<p><strong>Le logement :<\/strong> ce studio neuf est \u00e0 seulement 50 m\u00e8tres du <strong>ch\u00e2teau d\u2019Angers<\/strong>. Spacieux et lumineux, il comprend une kitchenette et un espace nuit s\u00e9par\u00e9.<\/p>\n<p><strong>La destination :<\/strong> Tout pr\u00e8s d&#8217;Angers, ville d\u2019art et d\u2019histoire, s\u00e9duit par son ch\u00e2teau m\u00e9di\u00e9val abritant la tapisserie de l\u2019Apocalypse. Ses parcs et ses vignobles (Savenni\u00e8res) en font une destination \u00e9quilibr\u00e9e entre culture et d\u00e9tente.<\/p>\n<p>&nbsp;<\/p>\n<p><a href=\"https:\/\/www.bedycasa.com\/accommodation\/studio-refait-\u00e0-neuf-\u00e0-50m-du-ch\u00e2teau-dangers-1727007819400x367355953427251200?search=1743756740110x787458703979446300&amp;pax=2&amp;start=May 1%2C 2025 2%3A00 am&amp;end=May 4%2C 2025 2%3A00 am&amp;dates=[[&quot;2025-05-04T00%3A00%3A00.000Z&quot;%2C&quot;2025-05-01T00%3A00%3A00.000Z&quot;]]\" target=\"_blank\" rel=\"noopener\">\u00c0 partir de 34\u20ac\/nuit : je r\u00e9serve !<\/a><\/p>\n<h2><\/h2>\n<h2><strong>Pour un s\u00e9jour entre culture et nature<\/strong><\/h2>\n<p>&nbsp;<\/p>\n<h3><strong>Logez chez Sophie \u2013 tout pr\u00e8s de La Roche-sur-Yon (Pays de la Loire)<\/strong><\/h3>\n<p>&nbsp;<\/p>\n<p><strong><img loading=\"lazy\" decoding=\"async\" class=\"alignleft wp-image-1118 size-medium\" src=\"https:\/\/blog.bedycasa.com\/wp-content\/uploads\/2025\/04\/Gite-le-champ-libre-Dompierre-sur-Yon-300x197.png\" alt=\"h\u00e9bergements \u00e0 moins de 70\u20ac la nuit - La Roche sur Yon\" width=\"300\" height=\"197\" \/>Le logement :<\/strong> ce studio nich\u00e9 dans un hectare de verdure offre une escapade paisible pour deux personnes. Avec sa terrasse priv\u00e9e, sa cuisine \u00e9quip\u00e9e et sa salle de bain moderne, c&#8217;est un cocon id\u00e9al pour se ressourcer.<\/p>\n<p><strong>La destination :<\/strong> La Roche-sur-Yon, ville napol\u00e9onienne, s\u00e9duit par sa place centrale anim\u00e9e et ses attractions insolites comme<strong> les animaux m\u00e9caniques<\/strong>. Ne manquez pas le <strong>Mus\u00e9e du Chocolat<\/strong> pour une pause gourmande ! \u00c0 seulement quelques minutes du studio, vous profiterez \u00e0 la fois de la nature et du dynamisme urbain.<\/p>\n<p>Une escapade id\u00e9ale pour <strong>allier d\u00e9tente au vert et d\u00e9couvertes culturelles<\/strong> !<\/p>\n<p><a href=\"https:\/\/www.bedycasa.com\/accommodation\/gite-le-champ-libre-dompierre-sur-yon-pays-de-la-loire-france-1687536945336x123533702856966140?search=1743756740110x787458703979446300&amp;pax=2&amp;start=May 1%2C 2025 2%3A00 am&amp;end=May 4%2C 2025 2%3A00 am&amp;dates=[[&quot;2025-05-04T00%3A00%3A00.000Z&quot;%2C&quot;2025-05-01T00%3A00%3A00.000Z&quot;]]\" target=\"_blank\" rel=\"noopener\">Je r\u00e9serve &#8211; \u00e0 partir de 55\u20ac\/nuit<\/a><\/p>\n<p>&nbsp;<\/p>\n<h2><strong>Bedycasa : plus de 2000 h\u00e9bergements \u00e0 moins de 70\u20ac la nuit<\/strong><\/h2>\n<p>Avec <strong>plus de 2000 h\u00e9bergements \u00e0 moins de 70\u20ac la nuit,<\/strong> Bedycasa est la plateforme id\u00e9ale pour des s\u00e9jours authentiques en France, mais pas seulement ! Notre r\u00e9seau s&#8217;\u00e9tend \u00e9galement \u00e0 des p\u00e9pites en Espagne et Italie, et m\u00eame ailleurs ! Toujours avec la m\u00eame exigence de tourisme responsable et \u00e9thique.<\/p>\n<p><strong>Chambres chez l&#8217;habitant, g\u00eetes ruraux, studios urbains&#8230;<\/strong>chaque logement est s\u00e9lectionn\u00e9 pour ses valeurs : \u00e9thique, durable, responsable, solidaire&#8230;<\/p>\n<p>Que vous r\u00eaviez d&#8217;une escapade nature, d&#8217;un s\u00e9jour culturel, d&#8217;un village proven\u00e7al&#8230; <strong>notre communaut\u00e9 d&#8217;h\u00f4tes engag\u00e9s<\/strong> vous accueille chaleureusement. Sans frais cach\u00e9s, et avec l&#8217;assurance de faire vivre une \u00e9conomie touristique plus humaine.<\/p>\n<p><a href=\"https:\/\/www.bedycasa.com\/search\/1744205829372x984820691146113000\">Trouvez votre prochain h\u00f4te sur Bedycasa \ud83d\udc9a<\/a><\/p>\n<p><!-- notionvc: 12187a58-dc10-48d4-ac24-dec02144a495 --><\/p>\n","protected":false},"excerpt":{"rendered":"<p>3 weekends prolong\u00e9s en mai = 3 occasions de s&#8217;\u00e9vader sans se ruiner ! Nous avons s\u00e9lectionn\u00e9 pour vous des h\u00e9bergements \u00e9thiques et responsables \u00e0 moins de 70\u20ac\/nuit. Que vous r\u00eaviez d&#8217;une escapade nature au c\u0153ur des for\u00eats bretonnes, d&#8217;une immersion culturelle dans une ville historique ou d&#8217;un s\u00e9jour gourmand en P\u00e9rigord, cette s\u00e9lection saura [&hellip;]<\/p>\n","protected":false},"author":8,"featured_media":1118,"comment_status":"open","ping_status":"open","sticky":false,"template":"","format":"standard","meta":{"_et_pb_use_builder":"","_et_pb_old_content":"","_et_gb_content_width":"","footnotes":""},"categories":[2,1],"tags":[],"class_list":["post-1105","post","type-post","status-publish","format-standard","has-post-thumbnail","hentry","category-blog","category-uncategorized"],"translation":{"provider":"WPGlobus","version":"3.0.2","language":"it","enabled_languages":["fr","en","sp","it"],"languages":{"fr":{"title":true,"content":true,"excerpt":false},"en":{"title":false,"content":false,"excerpt":false},"sp":{"title":false,"content":false,"excerpt":false},"it":{"title":false,"content":false,"excerpt":false}}},"yoast_head":"<!-- This site is optimized with the Yoast SEO plugin v24.7 - https:\/\/yoast.com\/wordpress\/plugins\/seo\/ -->\n<title>Ponts de mai : h\u00e9bergements \u00e0 moins de 70\u20ac la nuit | Bedycasa<\/title>\n<meta name=\"robots\" content=\"index, follow, max-snippet:-1, max-image-preview:large, max-video-preview:-1\" \/>\n<link rel=\"canonical\" href=\"https:\/\/blog.bedycasa.com\/hebergements-vacances-pas-chers-france\/\" \/>\n<meta property=\"og:locale\" content=\"it_IT\" \/>\n<meta property=\"og:type\" content=\"article\" \/>\n<meta property=\"og:title\" content=\"Notre s\u00e9lection d\u2019h\u00e9bergements \u00e0 moins de 70\u20ac la nuit pour les week-ends prolong\u00e9s de mai - Blog bedycasa\" \/>\n<meta property=\"og:url\" content=\"https:\/\/blog.bedycasa.com\/hebergements-vacances-pas-chers-france\/\" \/>\n<meta property=\"og:site_name\" content=\"Blog bedycasa\" \/>\n<meta property=\"article:published_time\" content=\"2025-04-09T13:42:19+00:00\" \/>\n<meta property=\"og:image\" content=\"https:\/\/blog.bedycasa.com\/wp-content\/uploads\/2025\/04\/Gite-le-champ-libre-Dompierre-sur-Yon.png\" \/>\n\t<meta property=\"og:image:width\" content=\"720\" \/>\n\t<meta property=\"og:image:height\" content=\"473\" \/>\n\t<meta property=\"og:image:type\" content=\"image\/png\" \/>\n<meta name=\"author\" content=\"Fanny\" \/>\n<meta name=\"twitter:card\" content=\"summary_large_image\" \/>\n<meta name=\"twitter:label1\" content=\"Scritto da\" \/>\n\t<meta name=\"twitter:data1\" content=\"Fanny\" \/>\n\t<meta name=\"twitter:label2\" content=\"Tempo di lettura stimato\" \/>\n\t<meta name=\"twitter:data2\" content=\"7 minuti\" \/>\n<script type=\"application\/ld+json\" class=\"yoast-schema-graph\">{\"@context\":\"https:\/\/schema.org\",\"@graph\":[{\"@type\":\"WebPage\",\"@id\":\"https:\/\/blog.bedycasa.com\/hebergements-vacances-pas-chers-france\/\",\"url\":\"https:\/\/blog.bedycasa.com\/hebergements-vacances-pas-chers-france\/\",\"name\":\"Ponts de mai : h\u00e9bergements \u00e0 moins de 70\u20ac la nuit | Bedycasa\",\"isPartOf\":{\"@id\":\"https:\/\/blog.bedycasa.com\/en\/#website\"},\"primaryImageOfPage\":{\"@id\":\"https:\/\/blog.bedycasa.com\/hebergements-vacances-pas-chers-france\/#primaryimage\"},\"image\":{\"@id\":\"https:\/\/blog.bedycasa.com\/hebergements-vacances-pas-chers-france\/#primaryimage\"},\"thumbnailUrl\":\"https:\/\/blog.bedycasa.com\/wp-content\/uploads\/2025\/04\/Gite-le-champ-libre-Dompierre-sur-Yon.png\",\"datePublished\":\"2025-04-09T13:42:19+00:00\",\"author\":{\"@id\":\"https:\/\/blog.bedycasa.com\/en\/#\/schema\/person\/439de40b46d619b51390a7b1100f6ab2\"},\"description\":\"Pour les ponts de mai, d\u00e9couvrez notre s\u00e9lection d'h\u00e9bergements responsables \u00e0 moins de 70\u20ac\/nuit. Pour un s\u00e9jour au vert ou culturel !\",\"breadcrumb\":{\"@id\":\"https:\/\/blog.bedycasa.com\/hebergements-vacances-pas-chers-france\/#breadcrumb\"},\"inLanguage\":\"it-IT\",\"potentialAction\":[{\"@type\":\"ReadAction\",\"target\":[\"https:\/\/blog.bedycasa.com\/hebergements-vacances-pas-chers-france\/\"]}]},{\"@type\":\"ImageObject\",\"inLanguage\":\"it-IT\",\"@id\":\"https:\/\/blog.bedycasa.com\/hebergements-vacances-pas-chers-france\/#primaryimage\",\"url\":\"https:\/\/blog.bedycasa.com\/wp-content\/uploads\/2025\/04\/Gite-le-champ-libre-Dompierre-sur-Yon.png\",\"contentUrl\":\"https:\/\/blog.bedycasa.com\/wp-content\/uploads\/2025\/04\/Gite-le-champ-libre-Dompierre-sur-Yon.png\",\"width\":720,\"height\":473},{\"@type\":\"BreadcrumbList\",\"@id\":\"https:\/\/blog.bedycasa.com\/hebergements-vacances-pas-chers-france\/#breadcrumb\",\"itemListElement\":[{\"@type\":\"ListItem\",\"position\":1,\"name\":\"Accueil\",\"item\":\"https:\/\/blog.bedycasa.com\/\"},{\"@type\":\"ListItem\",\"position\":2,\"name\":\"Notre s\u00e9lection d\u2019h\u00e9bergements \u00e0 moins de 70\u20ac la nuit pour les week-ends prolong\u00e9s de mai\"}]},{\"@type\":\"WebSite\",\"@id\":\"https:\/\/blog.bedycasa.com\/en\/#website\",\"url\":\"https:\/\/blog.bedycasa.com\/en\/\",\"name\":\"Blog bedycasa\",\"description\":\"Blog bedycasa\",\"potentialAction\":[{\"@type\":\"SearchAction\",\"target\":{\"@type\":\"EntryPoint\",\"urlTemplate\":\"https:\/\/blog.bedycasa.com\/en\/?s={search_term_string}\"},\"query-input\":{\"@type\":\"PropertyValueSpecification\",\"valueRequired\":true,\"valueName\":\"search_term_string\"}}],\"inLanguage\":\"it-IT\"},{\"@type\":\"Person\",\"@id\":\"https:\/\/blog.bedycasa.com\/en\/#\/schema\/person\/439de40b46d619b51390a7b1100f6ab2\",\"name\":\"Fanny\",\"image\":{\"@type\":\"ImageObject\",\"inLanguage\":\"it-IT\",\"@id\":\"https:\/\/blog.bedycasa.com\/en\/#\/schema\/person\/image\/\",\"url\":\"https:\/\/secure.gravatar.com\/avatar\/9c6c73c35aa109a96ca2ed21022ce6b135ef9a216a879830ad8cf60316b03877?s=96&d=mm&r=g\",\"contentUrl\":\"https:\/\/secure.gravatar.com\/avatar\/9c6c73c35aa109a96ca2ed21022ce6b135ef9a216a879830ad8cf60316b03877?s=96&d=mm&r=g\",\"caption\":\"Fanny\"},\"url\":\"https:\/\/blog.bedycasa.com\/it\/author\/fanny\/\"}]}<\/script>\n<!-- \/ Yoast SEO plugin. -->","yoast_head_json":{"title":"Ponts de mai : h\u00e9bergements \u00e0 moins de 70\u20ac la nuit | Bedycasa","robots":{"index":"index","follow":"follow","max-snippet":"max-snippet:-1","max-image-preview":"max-image-preview:large","max-video-preview":"max-video-preview:-1"},"canonical":"https:\/\/blog.bedycasa.com\/hebergements-vacances-pas-chers-france\/","og_locale":"it_IT","og_type":"article","og_title":"Notre s\u00e9lection d\u2019h\u00e9bergements \u00e0 moins de 70\u20ac la nuit pour les week-ends prolong\u00e9s de mai - Blog bedycasa","og_url":"https:\/\/blog.bedycasa.com\/hebergements-vacances-pas-chers-france\/","og_site_name":"Blog bedycasa","article_published_time":"2025-04-09T13:42:19+00:00","og_image":[{"width":720,"height":473,"url":"https:\/\/blog.bedycasa.com\/wp-content\/uploads\/2025\/04\/Gite-le-champ-libre-Dompierre-sur-Yon.png","type":"image\/png"}],"author":"Fanny","twitter_card":"summary_large_image","twitter_misc":{"Scritto da":"Fanny","Tempo di lettura stimato":"7 minuti"},"schema":{"@context":"https:\/\/schema.org","@graph":[{"@type":"WebPage","@id":"https:\/\/blog.bedycasa.com\/hebergements-vacances-pas-chers-france\/","url":"https:\/\/blog.bedycasa.com\/hebergements-vacances-pas-chers-france\/","name":"Ponts de mai : h\u00e9bergements \u00e0 moins de 70\u20ac la nuit | Bedycasa","isPartOf":{"@id":"https:\/\/blog.bedycasa.com\/en\/#website"},"primaryImageOfPage":{"@id":"https:\/\/blog.bedycasa.com\/hebergements-vacances-pas-chers-france\/#primaryimage"},"image":{"@id":"https:\/\/blog.bedycasa.com\/hebergements-vacances-pas-chers-france\/#primaryimage"},"thumbnailUrl":"https:\/\/blog.bedycasa.com\/wp-content\/uploads\/2025\/04\/Gite-le-champ-libre-Dompierre-sur-Yon.png","datePublished":"2025-04-09T13:42:19+00:00","author":{"@id":"https:\/\/blog.bedycasa.com\/en\/#\/schema\/person\/439de40b46d619b51390a7b1100f6ab2"},"description":"Pour les ponts de mai, d\u00e9couvrez notre s\u00e9lection d'h\u00e9bergements responsables \u00e0 moins de 70\u20ac\/nuit. Pour un s\u00e9jour au vert ou culturel !","breadcrumb":{"@id":"https:\/\/blog.bedycasa.com\/hebergements-vacances-pas-chers-france\/#breadcrumb"},"inLanguage":"it-IT","potentialAction":[{"@type":"ReadAction","target":["https:\/\/blog.bedycasa.com\/hebergements-vacances-pas-chers-france\/"]}]},{"@type":"ImageObject","inLanguage":"it-IT","@id":"https:\/\/blog.bedycasa.com\/hebergements-vacances-pas-chers-france\/#primaryimage","url":"https:\/\/blog.bedycasa.com\/wp-content\/uploads\/2025\/04\/Gite-le-champ-libre-Dompierre-sur-Yon.png","contentUrl":"https:\/\/blog.bedycasa.com\/wp-content\/uploads\/2025\/04\/Gite-le-champ-libre-Dompierre-sur-Yon.png","width":720,"height":473},{"@type":"BreadcrumbList","@id":"https:\/\/blog.bedycasa.com\/hebergements-vacances-pas-chers-france\/#breadcrumb","itemListElement":[{"@type":"ListItem","position":1,"name":"Accueil","item":"https:\/\/blog.bedycasa.com\/"},{"@type":"ListItem","position":2,"name":"Notre s\u00e9lection d\u2019h\u00e9bergements \u00e0 moins de 70\u20ac la nuit pour les week-ends prolong\u00e9s de mai"}]},{"@type":"WebSite","@id":"https:\/\/blog.bedycasa.com\/en\/#website","url":"https:\/\/blog.bedycasa.com\/en\/","name":"Blog bedycasa","description":"Blog bedycasa","potentialAction":[{"@type":"SearchAction","target":{"@type":"EntryPoint","urlTemplate":"https:\/\/blog.bedycasa.com\/en\/?s={search_term_string}"},"query-input":{"@type":"PropertyValueSpecification","valueRequired":true,"valueName":"search_term_string"}}],"inLanguage":"it-IT"},{"@type":"Person","@id":"https:\/\/blog.bedycasa.com\/en\/#\/schema\/person\/439de40b46d619b51390a7b1100f6ab2","name":"Fanny","image":{"@type":"ImageObject","inLanguage":"it-IT","@id":"https:\/\/blog.bedycasa.com\/en\/#\/schema\/person\/image\/","url":"https:\/\/secure.gravatar.com\/avatar\/9c6c73c35aa109a96ca2ed21022ce6b135ef9a216a879830ad8cf60316b03877?s=96&d=mm&r=g","contentUrl":"https:\/\/secure.gravatar.com\/avatar\/9c6c73c35aa109a96ca2ed21022ce6b135ef9a216a879830ad8cf60316b03877?s=96&d=mm&r=g","caption":"Fanny"},"url":"https:\/\/blog.bedycasa.com\/it\/author\/fanny\/"}]}},"_links":{"self":[{"href":"https:\/\/blog.bedycasa.com\/it\/wp-json\/wp\/v2\/posts\/1105","targetHints":{"allow":["GET"]}}],"collection":[{"href":"https:\/\/blog.bedycasa.com\/it\/wp-json\/wp\/v2\/posts"}],"about":[{"href":"https:\/\/blog.bedycasa.com\/it\/wp-json\/wp\/v2\/types\/post"}],"author":[{"embeddable":true,"href":"https:\/\/blog.bedycasa.com\/it\/wp-json\/wp\/v2\/users\/8"}],"replies":[{"embeddable":true,"href":"https:\/\/blog.bedycasa.com\/it\/wp-json\/wp\/v2\/comments?post=1105"}],"version-history":[{"count":13,"href":"https:\/\/blog.bedycasa.com\/it\/wp-json\/wp\/v2\/posts\/1105\/revisions"}],"predecessor-version":[{"id":1136,"href":"https:\/\/blog.bedycasa.com\/it\/wp-json\/wp\/v2\/posts\/1105\/revisions\/1136"}],"wp:featuredmedia":[{"embeddable":true,"href":"https:\/\/blog.bedycasa.com\/it\/wp-json\/wp\/v2\/media\/1118"}],"wp:attachment":[{"href":"https:\/\/blog.bedycasa.com\/it\/wp-json\/wp\/v2\/media?parent=1105"}],"wp:term":[{"taxonomy":"category","embeddable":true,"href":"https:\/\/blog.bedycasa.com\/it\/wp-json\/wp\/v2\/categories?post=1105"},{"taxonomy":"post_tag","embeddable":true,"href":"https:\/\/blog.bedycasa.com\/it\/wp-json\/wp\/v2\/tags?post=1105"}],"curies":[{"name":"wp","href":"https:\/\/api.w.org\/{rel}","templated":true}]}}